{"headers": {"id": "ID", "ano": "Ano", "numero": "N\u00famero", "tipo__sigla": "Tipo de Mat\u00e9ria Legislativa/Sigla", "tipo__descricao": "Tipo de Mat\u00e9ria Legislativa/Descri\u00e7\u00e3o", "autoria": "Autorias", "texto_original": "Texto Original", "ementa": "Ementa"}, "results": [{"id": "253", "ano": "2025", "numero": "4", "tipo__sigla": "PLO", "tipo__descricao": "Projeto de Lei Ordin\u00e1ria", "autoria": "Jorge Vieira dos Santos Filho", "texto_original": "http://sapl.vilanovadosmartirios.ma.leg.br/media/sapl/public/materialegislativa/2025/253/projeto_de_lei_002_2025_reaj_sal_serv_efet.pdf", "ementa": "REAJUSTA O SAL\u00c1RIO DOS SERVIDORES EFETIVOS DO MUNIC\u00cdPIO DE VILA NOVA DOS MART\u00cdRIOS E D\u00c1 OUTRAS PROVID\u00caNCIAS."}, {"id": "392", "ano": "2025", "numero": "13", "tipo__sigla": "PLO", "tipo__descricao": "Projeto de Lei Ordin\u00e1ria", "autoria": "Ricardo Socorr\u00e3o", "texto_original": "http://sapl.vilanovadosmartirios.ma.leg.br/media/sapl/public/materialegislativa/2025/392/projeto_de_lei_n01.2026_de_17_de_janeiro_de_2026_ricardo_viana_matos.pdf", "ementa": "PROJETO DE LEI N\u00b011/2025, DE 08 DE DEZEMBRO DE 2025. DISP\u00d5E SOBRE A DENOMINA\u00c7\u00c3O DE PRA\u00c7A P\u00daBLICA NO POVOADO JATOBAZINHO, E D\u00c1 OUTRAS PROVID\u00caNCIAS."}, {"id": "338", "ano": "2025", "numero": "2", "tipo__sigla": "PDL", "tipo__descricao": "Projeto de Decreto Legislativo", "autoria": "Meikilo", "texto_original": "http://sapl.vilanovadosmartirios.ma.leg.br/media/sapl/public/materialegislativa/2025/338/projeto_de_decreto_legislativo_n_05_-_elson_gomes_da_silva.pdf", "ementa": "PROJETO DECRETO LEGISLATIVO N\u00b005/2025, QUE DISP\u00d5E SOBRE A CONCESS\u00c3O DE MEDALHA DE HONRA AO M\u00c9RITO AO ILUSTR\u00cdSSIMO TENENTE GABRIEL FRAN\u00c7A DA SILVA, E D\u00c1 OUTRAS PROVID\u00caNCIAS."}, {"id": "339", "ano": "2025", "numero": "3", "tipo__sigla": "PDL", "tipo__descricao": "Projeto de Decreto Legislativo", "autoria": "Josemar do Ouro", "texto_original": "http://sapl.vilanovadosmartirios.ma.leg.br/media/sapl/public/materialegislativa/2025/339/projeto_de_decreto_legislativo_n_01_-_josemar_do_ouro.pdf", "ementa": "PROJETO DECRETO LEGISLATIVO N\u00b001/2025, QUE DISP\u00d5E SOBRE A CONCESS\u00c3O DE MEDALHA DE HONRA AO M\u00c9RITO AO ILUSTR\u00cdSSIMO SENHOR\r\nSIMPL\u00cdCIO BARBOSA DA CRUZ, E D\u00c1 OUTRAS PROVID\u00caNCIAS."}, {"id": "341", "ano": "2025", "numero": "5", "tipo__sigla": "PDL", "tipo__descricao": "Projeto de Decreto Legislativo", "autoria": "Lia", "texto_original": "http://sapl.vilanovadosmartirios.ma.leg.br/media/sapl/public/materialegislativa/2025/341/projeto_de_decreto_legislativo_n_02_-_lia.pdf", "ementa": "PROJETO DECRETO LEGISLATIVO N\u00b002/2025, QUE DISP\u00d5E SOBRE A CONCESS\u00c3O DE MEDALHA DE HONRA AO M\u00c9RITO AO ILUSTR\u00cdSSIMO SENHOR\r\nELIMAR SOUZA CAMPOS, E D\u00c1 OUTRAS PROVID\u00caNCIAS."}, {"id": "372", "ano": "2025", "numero": "8", "tipo__sigla": "PDL", "tipo__descricao": "Projeto de Decreto Legislativo", "autoria": "Lia", "texto_original": "http://sapl.vilanovadosmartirios.ma.leg.br/media/", "ementa": "PROJETO DE DECRETO LEGISLATIVO N\u00ba 02/2025 DISP\u00d5E SOBRE A CONCESS\u00c3O DE MEDALHA DE HONRA AO M\u00c9RITO AO ILUSTR\u00cdSSIMO SENHOR ELIMAR SOUZA CAMPOS, E D\u00c1 OUTRAS PROVID\u00caNCIAS."}, {"id": "373", "ano": "2025", "numero": "9", "tipo__sigla": "PDL", "tipo__descricao": "Projeto de Decreto Legislativo", "autoria": "Alione do Tetei", "texto_original": "http://sapl.vilanovadosmartirios.ma.leg.br/media/sapl/public/materialegislativa/2025/373/projeto_de_decreto_legislativo_no_04.2025_-_alione_farias.pdf", "ementa": "PROJETO DE DECRETO LEGISLATIVO N\u00ba 04/2025 DISP\u00d5E SOBRE A CONCESS\u00c3O DE MEDALHA DE HONRA AO M\u00c9RITO \u00c0 ILUSTR\u00cdSSIMA SENHORA RAIMARA MONTEIRO DA SILVA, E D\u00c1 OUTRAS PROVID\u00caNCIAS."}, {"id": "374", "ano": "2025", "numero": "10", "tipo__sigla": "PDL", "tipo__descricao": "Projeto de Decreto Legislativo", "autoria": "Gil Santa Marta", "texto_original": "http://sapl.vilanovadosmartirios.ma.leg.br/media/sapl/public/materialegislativa/2025/374/projeto_de_decreto_legislativo_no_03.2025_-_jose_givanildo.pdf", "ementa": "PROJETO DE DECRETO LEGISLATIVO N\u00ba 03/2025 DISP\u00d5E SOBRE A CONCESS\u00c3O DE MEDALHA DE HONRA AO M\u00c9RITO AO ILUSTR\u00cdSSIMO SENHOR GILD\u00c1SIO FERREIRA SILVA, E D\u00c1 OUTRAS PROVID\u00caNCIAS."}, {"id": "375", "ano": "2025", "numero": "11", "tipo__sigla": "PDL", "tipo__descricao": "Projeto de Decreto Legislativo", "autoria": "Meikilo", "texto_original": "http://sapl.vilanovadosmartirios.ma.leg.br/media/sapl/public/materialegislativa/2025/375/projeto_de_decreto_legislativo_no_05.2025_-_elson_gomes.pdf", "ementa": "PROJETO DE DECRETO LEGISLATIVO N\u00ba 01/2025 DISP\u00d5E SOBRE A CONCESS\u00c3O DE MEDALHA DE HONRA AO M\u00c9RITO AO ILUSTR\u00cdSSIMO TENENTE GABRIEL FRAN\u00c7A DA SILVA, E D\u00c1 OUTRAS PROVID\u00caNCIAS."}, {"id": "376", "ano": "2025", "numero": "12", "tipo__sigla": "PDL", "tipo__descricao": "Projeto de Decreto Legislativo", "autoria": "Professor Manoelzinho", "texto_original": "http://sapl.vilanovadosmartirios.ma.leg.br/media/sapl/public/materialegislativa/2025/376/projeto_de_decreto_legislativo_no_07.2025_-_manoel_ferreira.pdf", "ementa": "PROJETO DE DECRETO LEGISLATIVO N\u00b0 07/2025 DISP\u00d5E SOBRE A CONCESS\u00c3O DE MEDALHA DE HONRA AO M\u00c9RITO AO ILUSTR\u00cdSSIMO PASTOR SENHOR JOS\u00c9 SILVA VIANA, E D\u00c1 OUTRAS PROVID\u00caNCIAS."}, {"id": "377", "ano": "2025", "numero": "13", "tipo__sigla": "PDL", "tipo__descricao": "Projeto de Decreto Legislativo", "autoria": "Isac Soares", "texto_original": "http://sapl.vilanovadosmartirios.ma.leg.br/media/sapl/public/materialegislativa/2025/377/projeto_de_decreto_legislativo_no_08.2025_-_isac_soares.pdf", "ementa": "PROJETO DE DECRETO LEGISLATIVO N\u00b0 07/2025 DISP\u00d5E SOBRE A CONCESS\u00c3O DE MEDALHA DE HONRA AO M\u00c9RITO AO ILUSTR\u00cdSSIMO TENENTE-CORONEL JANILSON CORDEIRO LINDOSO, E D\u00c1 OUTRAS PROVID\u00caNCIAS."}, {"id": "395", "ano": "2025", "numero": "14", "tipo__sigla": "PDL", "tipo__descricao": "Projeto de Decreto Legislativo", "autoria": "Josemar do Ouro", "texto_original": "http://sapl.vilanovadosmartirios.ma.leg.br/media/sapl/public/materialegislativa/2025/395/decreto_legislativo_n_08.2025.pdf", "ementa": "DECRETO LEGISLATIVO N\u00b008/2025 - Aprova as Contas da Prefeitura Municipal de Vila Nova dos Mart\u00edrios \u2013 MA, de responsabilidade da ex-prefeita Karla Batista Cabral Souza, referente ao Exerc\u00edcio Financeiro de 2013 \u2013 PROCESSO N\u00b0 4988/2014 do TCE/MA."}, {"id": "330", "ano": "2025", "numero": "2", "tipo__sigla": "PRE", "tipo__descricao": "Projeto de Resolu\u00e7\u00e3o", "autoria": "Mesa Diretora - MDIR", "texto_original": "http://sapl.vilanovadosmartirios.ma.leg.br/media/sapl/public/materialegislativa/2025/330/res2.pdf", "ementa": "PROJETO DE RESOLU\u00c7\u00c3O N\u00b002/2025 DE AUTORIA DA MESA DIRETORA QUE INSTITUI A COMISS\u00c3O ESPECIAL DE T\u00cdTULOS E HONRARIAS"}, {"id": "288", "ano": "2025", "numero": "6", "tipo__sigla": "PAREC", "tipo__descricao": "Parecer", "autoria": "CFIN - Comiss\u00e3o Permanente de Finan\u00e7as e Or\u00e7amento, CJURE - Comiss\u00e3o Permanente de Justi\u00e7a e Reda\u00e7\u00e3o", "texto_original": "http://sapl.vilanovadosmartirios.ma.leg.br/media/sapl/public/materialegislativa/2025/288/parecer_no06.2025.pdf", "ementa": "PARECER N\u00ba 06/2025 DAS COMISS\u00d5ES PERMANENTES DE OR\u00c7AMENTO E FINAN\u00c7AS E JUSTI\u00c7A E REDA\u00c7\u00c3O, \u201cREVOGA INTEGRALMENTE A LEI MUNICIPAL N\u00b0 300, DE 27 JUNHO DE 2023, QUE AUTORIZAVA A DESAFETA\u00c7\u00c3O E DOA\u00c7\u00c3O DE IM\u00d3VEL PUBLICO MUNICIPAL \u00c0 C\u00c2MARA MUNICIPAL DE VILA NOVA DOS MART\u00cdRIOS/MA\u201d"}, {"id": "321", "ano": "2025", "numero": "12", "tipo__sigla": "PAREC", "tipo__descricao": "Parecer", "autoria": "CJURE - Comiss\u00e3o Permanente de Justi\u00e7a e Reda\u00e7\u00e3o", "texto_original": "http://sapl.vilanovadosmartirios.ma.leg.br/media/sapl/public/materialegislativa/2025/321/parecer_n05_2025_cjure.docx", "ementa": "PARECER N\u00ba 05/2025 DA COMISS\u00c3O DE JUSTI\u00c7A E REDA\u00c7\u00c3O SOBRE O PROJETO DE RESOLU\u00c7\u00c3O N\u00ba 01/2025, \u201cALTERA A RESOLU\u00c7\u00c3O N\u00b0 01, DE 10 DE AGOSTO DE 2021, QUE DISP\u00d5E SOBRE O REGIMENTO INTERNO DA C\u00c2MARA MUNICIPAL DE VILA NOVA DOS MART\u00cdRIOS\"."}, {"id": "322", "ano": "2025", "numero": "13", "tipo__sigla": "PAREC", "tipo__descricao": "Parecer", "autoria": "Mesa Diretora - MDIR", "texto_original": "http://sapl.vilanovadosmartirios.ma.leg.br/media/sapl/public/materialegislativa/2025/322/parecer_n_01.2025_da_mesa_diretora.pdf", "ementa": "PARECER N\u00ba 01/2025 DA MESA DIRETORA SOBRE O PROJETO DE RESOLU\u00c7\u00c3O N\u00ba 01/2025, \u201cALTERA A RESOLU\u00c7\u00c3O N\u00b0 01, DE 10 DE AGOSTO DE 2021, QUE DISP\u00d5E SOBRE O REGIMENTO INTERNO DA C\u00c2MARA MUNICIPAL DE VILA NOVA DOS MART\u00cdRIOS"}, {"id": "332", "ano": "2025", "numero": "17", "tipo__sigla": "PAREC", "tipo__descricao": "Parecer", "autoria": "CETHO - Comiss\u00e3o Especial de T\u00edtulos e Honrarias", "texto_original": "http://sapl.vilanovadosmartirios.ma.leg.br/media/sapl/public/materialegislativa/2025/332/parecer_n01_cetho.pdf", "ementa": "PARECER N\u00ba 01/2025 DA COMISS\u00c3O ESPECIAL PARA A CONCESS\u00c3O DE T\u00cdTULOS DE CIDAD\u00c3O VILANOVENSE."}, {"id": "334", "ano": "2025", "numero": "18", "tipo__sigla": "PAREC", "tipo__descricao": "Parecer", "autoria": "CJURE - Comiss\u00e3o Permanente de Justi\u00e7a e Reda\u00e7\u00e3o", "texto_original": "http://sapl.vilanovadosmartirios.ma.leg.br/media/sapl/public/materialegislativa/2025/334/parecer_n09_cjure.pdf", "ementa": "PARECER N\u00ba09/2025 DA COMISS\u00c3O DE JUSTI\u00c7A E REDA\u00c7\u00c3O SOBRE O PROJETO DE DECRETO LEGISLATIVO QUE DISP\u00d5E SOBRE AS CONCESS\u00d5ES DE MEDALHAS DE HONRA AO M\u00c9RITO E D\u00c1 OUTRAS PROVID\u00caNCIAS"}, {"id": "335", "ano": "2025", "numero": "19", "tipo__sigla": "PAREC", "tipo__descricao": "Parecer", "autoria": "CJURE - Comiss\u00e3o Permanente de Justi\u00e7a e Reda\u00e7\u00e3o", "texto_original": "http://sapl.vilanovadosmartirios.ma.leg.br/media/sapl/public/materialegislativa/2025/335/parecer_n1o.2o25_da_comissao_de_justica_e_redacao.pdf", "ementa": "PARECER N\u00ba10/2025 DA COMISS\u00c3O DE JUSTI\u00c7A E REDA\u00c7\u00c3O SOBRE O PROJETO DE DECRETO LEGISLATIVO QUE DISP\u00d5E SOBRE A CONCESS\u00c3O DE T\u00cdTULOS DE CIDAD\u00c3O VILANOVENSE E D\u00c1 OUTRAS PROVID\u00caNCIAS."}, {"id": "357", "ano": "2025", "numero": "21", "tipo__sigla": "PAREC", "tipo__descricao": "Parecer", "autoria": "Tribunal de Contas do Estado do Maranh\u00e3o - TCE", "texto_original": "http://sapl.vilanovadosmartirios.ma.leg.br/media/sapl/public/materialegislativa/2025/357/parecer_previo_pl_-_tce_no_267.2024.pdf", "ementa": "PARECER PR\u00c9VIO PL - TCE N\u00ba 267/2024"}, {"id": "383", "ano": "2025", "numero": "25", "tipo__sigla": "PAREC", "tipo__descricao": "Parecer", "autoria": "CFIN - Comiss\u00e3o Permanente de Finan\u00e7as e Or\u00e7amento", "texto_original": "http://sapl.vilanovadosmartirios.ma.leg.br/media/sapl/public/materialegislativa/2025/383/parecer_cfin_julgamento_de_contas_exercicio_financeiro_2021.pdf", "ementa": "PARECER DA COMISS\u00c3O DE FINAN\u00c7AS E OR\u00c7AMENTO PARA AN\u00c1LISE DAS CONTAS DO GESTOR DA PREFEITURA MUNICIPAL DE VILA NOVA DOS MART\u00cdRIOS \u2013 MA, EXERC\u00cdCIO FINANCEIRO, ANO DE 2021"}, {"id": "390", "ano": "2025", "numero": "26", "tipo__sigla": "PAREC", "tipo__descricao": "Parecer", "autoria": "CFIN - Comiss\u00e3o Permanente de Finan\u00e7as e Or\u00e7amento", "texto_original": "http://sapl.vilanovadosmartirios.ma.leg.br/media/sapl/public/materialegislativa/2025/390/parecer_julgamento_contas_-_exercicio_2013.pdf", "ementa": "PARECER DA COMISS\u00c3O DE FINAN\u00c7AS E OR\u00c7AMENTO PARA AN\u00c1LISE DAS CONTAS DO GESTOR DA PREFEITURA MUNICIPAL DE VILA NOVA DOS MART\u00cdRIOS \u2013 MA, EXERC\u00cdCIO FINANCEIRO, ANO DE 2013"}, {"id": "265", "ano": "2025", "numero": "7", "tipo__sigla": "REC", "tipo__descricao": "Requerimento", "autoria": "Raniere Pinto", "texto_original": "http://sapl.vilanovadosmartirios.ma.leg.br/media/sapl/public/materialegislativa/2025/265/req_01_raniere_1.pdf", "ementa": "Assunto: Requerimento de licen\u00e7a do Mandato de Vereadora"}, {"id": "324", "ano": "2025", "numero": "9", "tipo__sigla": "REC", "tipo__descricao": "Requerimento", "autoria": "Gil Santa Marta", "texto_original": "http://sapl.vilanovadosmartirios.ma.leg.br/media/sapl/public/materialegislativa/2025/324/requerimento_no_01.2025_gil_santa_marta.pdf", "ementa": "REQUERIMENTO N\u00ba 01/2025 SOLICITA ESCLARECIMENTOS DETALHADOS ACERCA DAS INTERRUP\u00c7\u00d5ES NO FORNECIMENTO DE ENERGIA EL\u00c9TRICA, BEM COMO SOBRE OS DANOS EM DECORR\u00caNCIA DESSAS FALHAS."}, {"id": "336", "ano": "2025", "numero": "10", "tipo__sigla": "REC", "tipo__descricao": "Requerimento", "autoria": "Lia", "texto_original": "http://sapl.vilanovadosmartirios.ma.leg.br/media/sapl/public/materialegislativa/2025/336/requerimento_n02.2025_-_maria_jose.pdf", "ementa": "REQUERIMENTO N\u00ba 02/2025 DISP\u00d5E SOBRE A CONCESS\u00c3O DE T\u00cdTULO DE CIDAD\u00c3O VILANOVENSE AO ILUSTR\u00cdSSIMO VEREADOR SENHOR MANOEL FERREIRA DA SILVA E D\u00c1 OUTRAS PROVIDENCIAS."}, {"id": "342", "ano": "2025", "numero": "11", "tipo__sigla": "REC", "tipo__descricao": "Requerimento", "autoria": "Lia", "texto_original": "http://sapl.vilanovadosmartirios.ma.leg.br/media/sapl/public/materialegislativa/2025/342/requerimento_n01.2025_-_maria_jose.pdf", "ementa": "REQUERIMENTO N\u00ba 01/2025 DISP\u00d5E SOBRE A CONCESS\u00c3O DE T\u00cdTULO DE CIDAD\u00c3O VILANOVENSE AO ILUSTR\u00cdSSIMO SENHOR MANOEL RESENDE BONFIM E D\u00c1 OUTRAS PROVID\u00caNCIAS."}, {"id": "343", "ano": "2025", "numero": "12", "tipo__sigla": "REC", "tipo__descricao": "Requerimento", "autoria": "Gil Santa Marta", "texto_original": "http://sapl.vilanovadosmartirios.ma.leg.br/media/sapl/public/materialegislativa/2025/343/requerimento_n_02.2025_-_jose_givanildo.pdf", "ementa": "REQUERIMENTO N\u00ba 02/2025 DISP\u00d5E SOBRE A CONCESS\u00c3O DE T\u00cdTULO DE CIDAD\u00c3O VILANOVENSE AO ILUSTR\u00cdSSIMO SENHOR MANOEL MESSIAS SOARES DA SILVA E D\u00c1 OUTRAS PROVID\u00caNCIAS."}, {"id": "344", "ano": "2025", "numero": "13", "tipo__sigla": "REC", "tipo__descricao": "Requerimento", "autoria": "Gil Santa Marta", "texto_original": "http://sapl.vilanovadosmartirios.ma.leg.br/media/", "ementa": "REQUERIMENTO N\u00b0 01/2025 DISP\u00d5E SOBRE A CONCESS\u00c3O DE T\u00cdTULO DE CIDAD\u00c3O VILANOVENSE AO ILUSTR\u00cdSSIMO SENHOR GERALDINO COSTA E D\u00c1\r\nOUTRAS PROVIDENCLAS."}, {"id": "345", "ano": "2025", "numero": "14", "tipo__sigla": "REC", "tipo__descricao": "Requerimento", "autoria": "Josemar do Ouro", "texto_original": "http://sapl.vilanovadosmartirios.ma.leg.br/media/sapl/public/materialegislativa/2025/345/requerimento_n_01.2025_-_josemar_rodrigues.pdf", "ementa": "REQUERIMENTO N\u00ba 01/2025 DISP\u00d5E SOBRE A CONCESS\u00c3O DE T\u00cdTULO DE CIDAD\u00c3 VILANOVENSE \u00c0 ILUSTR\u00cdSSIMA SENHORA ELIZABETHE PEREIRA DE SOUSA DA CUNHA E D\u00c1 OUTRAS PROVID\u00caNCIAS."}, {"id": "346", "ano": "2025", "numero": "15", "tipo__sigla": "REC", "tipo__descricao": "Requerimento", "autoria": "Josemar do Ouro", "texto_original": "http://sapl.vilanovadosmartirios.ma.leg.br/media/sapl/public/materialegislativa/2025/346/requerimento_n_02.2025_-_josemar_rodrigues.pdf", "ementa": "REQUERIMENTO N\u00ba 02/2025 DISP\u00d5E SOBRE A CONCESS\u00c3O DE T\u00cdTULO DE CIDAD\u00c3 VILANOVENSE \u00c0 ILUSTR\u00cdSSIMA SENHORA PEDRA CRUZ DE CASTRO E D\u00c1 OUTRAS PROVID\u00caNCIAS."}, {"id": "348", "ano": "2025", "numero": "17", "tipo__sigla": "REC", "tipo__descricao": "Requerimento", "autoria": "Alione do Tetei", "texto_original": "http://sapl.vilanovadosmartirios.ma.leg.br/media/sapl/public/materialegislativa/2025/348/requerimento_n_02.2025_-_alione.pdf", "ementa": "REQUERIMENTO N\u00ba 02/2025 DISP\u00d5E SOBRE A CONCESS\u00c3O DE T\u00cdTULO DE CIDAD\u00c3O VILANOVENSE AO ILUSTR\u00cdSSIMO SENHOR DANIEL COSTA NASCIMENTO E D\u00c1 OUTRAS PROVID\u00caNCIAS."}, {"id": "349", "ano": "2025", "numero": "18", "tipo__sigla": "REC", "tipo__descricao": "Requerimento", "autoria": "Alione do Tetei", "texto_original": "http://sapl.vilanovadosmartirios.ma.leg.br/media/sapl/public/materialegislativa/2025/349/requerimento_n_02.2025_-_alione.pdf", "ementa": "REQUERIMENTO N\u00ba 02/2025 DISP\u00d5E SOBRE A CONCESS\u00c3O DE T\u00cdTULO DE CIDAD\u00c3O VILANOVENSE AO ILUSTR\u00cdSSIMO SENHOR DANIEL COSTA NASCIMENTO E D\u00c1 OUTRAS PROVID\u00caNCIAS."}, {"id": "350", "ano": "2025", "numero": "19", "tipo__sigla": "REC", "tipo__descricao": "Requerimento", "autoria": "Alione do Tetei", "texto_original": "http://sapl.vilanovadosmartirios.ma.leg.br/media/sapl/public/materialegislativa/2025/350/requerimento_n_01.2025_-_alione.pdf", "ementa": "REQUERIMENTO N\u00ba 02/2025 DISP\u00d5E SOBRE A CONCESS\u00c3O DE T\u00cdTULO DE CIDAD\u00c3O VILANOVENSE AO ILUSTR\u00cdSSIMO SENHOR WELLRYK OLIVEIRA COSTA DA SILVA E D\u00c1 OUTRAS PROVID\u00caNCIAS."}, {"id": "351", "ano": "2025", "numero": "20", "tipo__sigla": "REC", "tipo__descricao": "Requerimento", "autoria": "Isac Soares", "texto_original": "http://sapl.vilanovadosmartirios.ma.leg.br/media/sapl/public/materialegislativa/2025/351/requerimento_n_01.2025_-_isac_soares.pdf", "ementa": "REQUERIMENTO N\u00ba 01/2025 DISP\u00d5E SOBRE A CONCESS\u00c3O DE T\u00cdTULO DE CIDAD\u00c3O VILANOVENSE AO EXCELENT\u00cdSSIMO DEPUTADO FEDERAL JOSIVALDO DOS SANTOS MELO E D\u00c1 OUTRAS PROVID\u00caNCIAS."}, {"id": "358", "ano": "2025", "numero": "22", "tipo__sigla": "REC", "tipo__descricao": "Requerimento", "autoria": "Alione do Tetei", "texto_original": "http://sapl.vilanovadosmartirios.ma.leg.br/media/sapl/public/materialegislativa/2025/358/requerimento_no_01.2025_-_alione.pdf", "ementa": "REQUERIMENTO N\u00ba 01/2025 DISP\u00d5E SOBRE A CONCESS\u00c3O DE T\u00cdTULO DE CIDAD\u00c3O VILANOVENSE AO ILUSTR\u00cdSSIMO SENHOR WELLRYK OLIVEIRA COSTA DA SILVA E D\u00c1 OUTRAS PROVID\u00caNCIAS."}, {"id": "359", "ano": "2025", "numero": "23", "tipo__sigla": "REC", "tipo__descricao": "Requerimento", "autoria": "Alione do Tetei", "texto_original": "http://sapl.vilanovadosmartirios.ma.leg.br/media/sapl/public/materialegislativa/2025/359/requerimento_no_01.2025_-_alione.pdf", "ementa": "REQUERIMENTO N\u00ba 01/2025 DISP\u00d5E SOBRE A CONCESS\u00c3O DE T\u00cdTULO DE CIDAD\u00c3O VILANOVENSE AO ILUSTR\u00cdSSIMO SENHOR WELLRYK OLIVEIRA COSTA DA SILVA E D\u00c1 OUTRAS PROVID\u00caNCIAS."}, {"id": "360", "ano": "2025", "numero": "24", "tipo__sigla": "REC", "tipo__descricao": "Requerimento", "autoria": "Meikilo", "texto_original": "http://sapl.vilanovadosmartirios.ma.leg.br/media/sapl/public/materialegislativa/2025/360/requerimento_no1.2o25_-_elson_gomes.pdf", "ementa": "REQUERIMENTO N\u00ba 01/2025 DISP\u00d5E SOBRE A CONCESS\u00c3O DE T\u00cdTULO DE CIDAD\u00c3O VILANOVENSE AO ILUSTR\u00cdSSIMO PASTOR\r\nPAULO PEREIRA DE SILVA LIMA E D\u00c1 OUTRAS PROVID\u00caNCIAS."}, {"id": "361", "ano": "2025", "numero": "25", "tipo__sigla": "REC", "tipo__descricao": "Requerimento", "autoria": "Meikilo", "texto_original": "http://sapl.vilanovadosmartirios.ma.leg.br/media/sapl/public/materialegislativa/2025/361/requerimento_n02.2025_-_elson_gomes.pdf", "ementa": "REQUERIMENTO N\u00ba 02/2025 DISP\u00d5E SOBRE A CONCESS\u00c3O DE T\u00cdTULO DE CIDAD\u00c3O VILANOVENSE AO ILUSTR\u00cdSSIMO TAFFAREL BATISTA DE CASTRO LEITE E D\u00c1 OUTRAS PROVID\u00caNCIAS."}, {"id": "363", "ano": "2025", "numero": "27", "tipo__sigla": "REC", "tipo__descricao": "Requerimento", "autoria": "Isac Soares", "texto_original": "http://sapl.vilanovadosmartirios.ma.leg.br/media/sapl/public/materialegislativa/2025/363/requerimento_n_02.2025_-_isac_soares.pdf", "ementa": "REQUERIMENTO N\u00ba 02/2025 DISP\u00d5E SOBRE A CONCESS\u00c3O DE T\u00cdTULO DE CIDAD\u00c3 VILANOVENSE \u00c0 ILUSTR\u00cdSSIMA JOVENITA\r\nSILVA DE SOUSA E D\u00c1 OUTRAS PROVID\u00caNCIAS."}, {"id": "364", "ano": "2025", "numero": "28", "tipo__sigla": "REC", "tipo__descricao": "Requerimento", "autoria": "Professor Manoelzinho", "texto_original": "http://sapl.vilanovadosmartirios.ma.leg.br/media/sapl/public/materialegislativa/2025/364/requerimento_n_01.2025_-_manoel_ferreira.pdf", "ementa": "REQUERIMENTO N\u00ba 01/2025 DISP\u00d5E SOBRE A CONCESS\u00c3O DE T\u00cdTULO DE CIDAD\u00c3O VILANOVENSE AO ILUSTR\u00cdSSIMO SENHOR JOS\u00c9 PEREIRA GON\u00c7ALVES E D\u00c1 OUTRAS PROVID\u00caNCIAS."}, {"id": "365", "ano": "2025", "numero": "29", "tipo__sigla": "REC", "tipo__descricao": "Requerimento", "autoria": "Professor Manoelzinho", "texto_original": "http://sapl.vilanovadosmartirios.ma.leg.br/media/sapl/public/materialegislativa/2025/365/requerimento_n_02.2025_-_manoel_ferreira.pdf", "ementa": "REQUERIMENTO N\u00ba 02/2025 DISP\u00d5E SOBRE A CONCESS\u00c3O DE T\u00cdTULO DE CIDAD\u00c3O VILANOVENSE AO ILUSTR\u00cdSSIMO SENHOR LOURIVAL BARBOSA DE SOUSA E D\u00c1 OUTRAS PROVID\u00caNCIAS."}, {"id": "366", "ano": "2025", "numero": "30", "tipo__sigla": "REC", "tipo__descricao": "Requerimento", "autoria": "Ricardo Socorr\u00e3o", "texto_original": "http://sapl.vilanovadosmartirios.ma.leg.br/media/sapl/public/materialegislativa/2025/366/requerimento_n_01.2025_-_ricardo_matos.pdf", "ementa": "REQUERIMENTO N\u00ba 01/2025 DISP\u00d5E SOBRE A CONCESS\u00c3O DE T\u00cdTULO DE CIDAD\u00c3O VILANOVENSE AO ILUSTR\u00cdSSIMO SENHOR SEBASTI\u00c3O TORRES MADEIRA E D\u00c1 OUTRAS PROVID\u00caNCIAS."}, {"id": "367", "ano": "2025", "numero": "31", "tipo__sigla": "REC", "tipo__descricao": "Requerimento", "autoria": "", "texto_original": "http://sapl.vilanovadosmartirios.ma.leg.br/media/", "ementa": "REQUERIMENTO N\u00ba 02/2025 DISP\u00d5E SOBRE A CONCESS\u00c3O DE T\u00cdTULO DE CIDAD\u00c3O VILANOVENSE AO ILUSTR\u00cdSSIMO SENHOR AFONSO PEREIRA DE ARRUDA E D\u00c1 OUTRAS PROVID\u00caNCIAS."}, {"id": "368", "ano": "2025", "numero": "32", "tipo__sigla": "REC", "tipo__descricao": "Requerimento", "autoria": "Ricardo Socorr\u00e3o", "texto_original": "http://sapl.vilanovadosmartirios.ma.leg.br/media/", "ementa": "REQUERIMENTO N\u00ba 03/2025 DISP\u00d5E SOBRE A CONCESS\u00c3O DE T\u00cdTULO DE CIDAD\u00c3 VILANOVENSE \u00c0 ILUSTR\u00cdSSIMA SENHORA\r\nFABIANA APARECIDA DA SILVA E D\u00c1 OUTRAS PROVID\u00caNCIAS."}, {"id": "369", "ano": "2025", "numero": "33", "tipo__sigla": "REC", "tipo__descricao": "Requerimento", "autoria": "Ricardo Socorr\u00e3o", "texto_original": "http://sapl.vilanovadosmartirios.ma.leg.br/media/sapl/public/materialegislativa/2025/369/requerimento_n_02.2025_-_ricardo_matos.pdf", "ementa": "REQUERIMENTO N\u00ba 02/2025 DISP\u00d5E SOBRE A CONCESS\u00c3O DE T\u00cdTULO DE CIDAD\u00c3O VILANOVENSE AO ILUSTR\u00cdSSIMO SENHOR AFONSO PEREIRA DE ARRUDA E D\u00c1 OUTRAS PROVID\u00caNCIAS."}, {"id": "370", "ano": "2025", "numero": "34", "tipo__sigla": "REC", "tipo__descricao": "Requerimento", "autoria": "Jorge Vieira dos Santos Filho", "texto_original": "http://sapl.vilanovadosmartirios.ma.leg.br/media/sapl/public/materialegislativa/2025/370/requerimento_no_01.2025_-_prefeito_jorge_vieira.pdf", "ementa": "REQUERIMENTO N\u00ba 01/2025 DISP\u00d5E SOBRE A CONCESS\u00c3O DE T\u00cdTULO DE CIDAD\u00c3O VILANOVENSE AO ILUSTR\u00cdSSIMO SENHOR\r\nMARCONE CONCEI\u00c7\u00c3O DE SOUSA E D\u00c1 OUTRAS PROVID\u00caNCIAS."}, {"id": "13", "ano": "2025", "numero": "10", "tipo__sigla": "IND", "tipo__descricao": "Indica\u00e7\u00e3o", "autoria": "Gil Santa Marta", "texto_original": "http://sapl.vilanovadosmartirios.ma.leg.br/media/sapl/public/materialegislativa/2025/13/indicacao_no01.2025.pdf", "ementa": "INDICA\u00c7\u00c3O N\u00ba 01/2025 DE AUTORIA DO VEREADOR JOS\u00c9 GIVANILDO DE SOUSA MATIAS. ASSUNTO: INSTALA\u00c7\u00c3O DE UM QUEBRA MOLAS (REDUTOR DE VELOCIDADE) NA AV. RIO BRANCO ENTRE A CONVENI\u00caNCIA E A DISTRIBUIDORA DE BEBIDAS NOSSO SENHOR DO BONFIM."}, {"id": "21", "ano": "2025", "numero": "18", "tipo__sigla": "IND", "tipo__descricao": "Indica\u00e7\u00e3o", "autoria": "Gil Santa Marta", "texto_original": "http://sapl.vilanovadosmartirios.ma.leg.br/media/sapl/public/materialegislativa/2025/21/indicacao_no_17.2025_gil_santa_marta.pdf", "ementa": "INDICA\u00c7\u00c3O N\u00ba17/2025 AUTORIA DO EXMO. SR. VEREADOR JOS\u00c9 GIVANILDO DE SOUSA MATIAS. ASSUNTO: IMPLANTA\u00c7\u00c3O DE UM CENTRO SOCIAL NO POVOADO LONTRA, NO MUNIC\u00cdPIO DE VILA NOVA DOS MART\u00cdRIOS \u2013 MA."}, {"id": "22", "ano": "2025", "numero": "19", "tipo__sigla": "IND", "tipo__descricao": "Indica\u00e7\u00e3o", "autoria": "Gil Santa Marta", "texto_original": "http://sapl.vilanovadosmartirios.ma.leg.br/media/sapl/public/materialegislativa/2025/22/indicacao_no18.2025.pdf", "ementa": "INDICA\u00c7\u00c3O N\u00ba18/2025 DE AUTORIA DO VEREADOR JOS\u00c9 GIVANILDO DE SOUSA MATIAS. ASSUNTO: COLOCA\u00c7\u00c3O DE PI\u00c7ARRA EM DOIS PONTOS, COM DIST\u00c2NCIA DE 150M, NA VICINAL QUE D\u00c1 ACESSO AO SR. JUVENAL, SR. JO\u00c3O DO BOM, NET\u00c3O E SR. ANT\u00d4NIO."}, {"id": "24", "ano": "2025", "numero": "21", "tipo__sigla": "IND", "tipo__descricao": "Indica\u00e7\u00e3o", "autoria": "Gil Santa Marta", "texto_original": "http://sapl.vilanovadosmartirios.ma.leg.br/media/sapl/public/materialegislativa/2025/24/indicacao_no20.2025.pdf", "ementa": "INDICA\u00c7\u00c3O N\u00ba 20/2025 DE AUTORIA DO VEREADOR GIL SANTA MARTA. ASSUNTO: PATROLAMENTO NAS ESTRADAS RURAIS (SAPUCAIA)."}, {"id": "26", "ano": "2025", "numero": "23", "tipo__sigla": "IND", "tipo__descricao": "Indica\u00e7\u00e3o", "autoria": "Gil Santa Marta", "texto_original": "http://sapl.vilanovadosmartirios.ma.leg.br/media/sapl/public/materialegislativa/2025/26/indicacao_no22.2025.pdf", "ementa": "INDICA\u00c7\u00c3O N\u00ba22/2025 SOLICITA A INSTALA\u00c7\u00c3O DO SISTEMA DE ENERGIA SOLAR COM A COLOCA\u00c7\u00c3O DE PLACAS SOLARES NA C\u00c2MARA DE VILA NOVA DOS MART\u00cdRIOS-MA, PARA GERA\u00c7\u00c3O DE ENERGIA LIMPA DE FONTES RENOVAVEIS."}, {"id": "27", "ano": "2025", "numero": "24", "tipo__sigla": "IND", "tipo__descricao": "Indica\u00e7\u00e3o", "autoria": "Gil Santa Marta", "texto_original": "http://sapl.vilanovadosmartirios.ma.leg.br/media/sapl/public/materialegislativa/2025/27/indicacao_no23.2025.pdf", "ementa": "INDICA\u00c7\u00c3O N\u00ba23/2025 CRIA\u00c7AO DO PROJETO DE LEI PARA A PROIBI\u00c7\u00c3O DE AMBULANTES EM VILA NOVA DOS MART\u00cdRIOS - MA."}, {"id": "28", "ano": "2025", "numero": "25", "tipo__sigla": "IND", "tipo__descricao": "Indica\u00e7\u00e3o", "autoria": "Gil Santa Marta", "texto_original": "http://sapl.vilanovadosmartirios.ma.leg.br/media/sapl/public/materialegislativa/2025/28/indicacao_no26.2025.pdf", "ementa": "INDICA\u00c7\u00c3O N\u00ba26/2025  DE AUTORIA DO VEREADOR JOS\u00c9 GIVANILDO DE SOUSA MATIAS. ASSUNTO: CONSERTO E MANUTEN\u00c7\u00c3O  DA PONTE DA SRA. IZAURA QUE FICA NA ANTIGA ESTRADA DA ELETRONORTE NO MUNIC\u00cdPIO DE VILA NOVA DOS MARTIRIOS - MA."}, {"id": "29", "ano": "2025", "numero": "26", "tipo__sigla": "IND", "tipo__descricao": "Indica\u00e7\u00e3o", "autoria": "Gil Santa Marta", "texto_original": "http://sapl.vilanovadosmartirios.ma.leg.br/media/sapl/public/materialegislativa/2025/29/indicacao_no27.2025.pdf", "ementa": "INDICA\u00c7\u00c3O N\u00ba 27/2025 MANUTEN\u00c7\u00c3O E EMPI\u00c7ARRAMENTO  DA ESTRADA DO ZE BAIANO - TRAIRAS NO MUNICIPIO DE VILA NOVA DOS MARTIRIOS-MA."}, {"id": "30", "ano": "2025", "numero": "27", "tipo__sigla": "IND", "tipo__descricao": "Indica\u00e7\u00e3o", "autoria": "Gil Santa Marta", "texto_original": "http://sapl.vilanovadosmartirios.ma.leg.br/media/sapl/public/materialegislativa/2025/30/indicacao_no28.2025.pdf", "ementa": "INDICA\u00c7\u00c3O N\u00ba28/2025 CONSTRU\u00c7\u00c3O DE UMA PRA\u00c7A PUBLICA NA ENTRADA DA CIDADE NO\r\nMUNICIPIO DE VILA NOVA DOS MART\u00cdRIOS-MA."}, {"id": "33", "ano": "2025", "numero": "30", "tipo__sigla": "IND", "tipo__descricao": "Indica\u00e7\u00e3o", "autoria": "Gil Santa Marta, Josemar do Ouro", "texto_original": "http://sapl.vilanovadosmartirios.ma.leg.br/media/sapl/public/materialegislativa/2025/33/indicacao_conjunta_n33.2024_gil_santa_marta_e_josemar_do_ouro.pdf", "ementa": "INDICA\u00c7\u00c3O N\u00ba 33/2025 DE AUTORIA DO VEREADOR GIL SANTA MARTA. ASSUNTO: CAL\u00c7AMENTO NAS RUAS DO BAIRRO NOVO COM CONSTRU\u00c7\u00c3O DE CAL\u00c7ADAS NAS MARGENS DA RODOVIA MA 125 EM CURVEL\u00c2NDIA NO MUNIC\u00cdPIO DE VILA NOVA DOS MART\u00cdRIOS - MA."}, {"id": "34", "ano": "2025", "numero": "31", "tipo__sigla": "IND", "tipo__descricao": "Indica\u00e7\u00e3o", "autoria": "Gil Santa Marta, Josemar do Ouro", "texto_original": "http://sapl.vilanovadosmartirios.ma.leg.br/media/sapl/public/materialegislativa/2025/34/indicacao_conjunta_no_34.2025_gil_santa_marta_e_josemar_do_ouro.pdf", "ementa": "INDICA\u00c7\u00c3O CONJUNTA N\u00ba34/2025 DE AUTORIA DOS VEREADORES GIL SANTA MARTA E JOSEMAR DO OURO. ASSUNTO: CONSTRU\u00c7AO DE UMA PRA\u00c7A NO BAIRRO VILA AMERICANA NO MUNICIPIO DE VILA NOVA DOS MARTIRIOS-MA."}, {"id": "51", "ano": "2025", "numero": "48", "tipo__sigla": "IND", "tipo__descricao": "Indica\u00e7\u00e3o", "autoria": "Gil Santa Marta, Josemar do Ouro", "texto_original": "http://sapl.vilanovadosmartirios.ma.leg.br/media/sapl/public/materialegislativa/2025/51/indicacao_no49.2025.pdf", "ementa": "INDICA\u00c7\u00c3O CONJUNTA N\u00ba49/2025 ASUNTO:  CONSTRU\u00c7AO E DOA\u00c7\u00c3O DE BANHEIROS SANITARIOS PARA FAMILIAS DE BAIXA\r\nRENDA DESTE MUNICIPIO VILA NOVA DOS MART\u00cdRIOS - MA"}, {"id": "81", "ano": "2025", "numero": "77", "tipo__sigla": "IND", "tipo__descricao": "Indica\u00e7\u00e3o", "autoria": "Meikilo, Isac Soares", "texto_original": "http://sapl.vilanovadosmartirios.ma.leg.br/media/sapl/public/materialegislativa/2025/81/indicacao_conjunta_7_elson_e_isac.pdf", "ementa": "INDICA\u00c7\u00c3O CONJUNTA N\u00b0 07/2025 DE AUTORIA DOS VEREADORES ELSON GOMES DA SILVA E ISAC SOARES DE ARA\u00daJO. ASSUNTO: AQUISI\u00c7\u00c3O DE UM VE\u00cdCULO PARA ATENDIMENTO \u00c0S FAM\u00cdLIAS DO PROGRAMA BOLSA FAM\u00cdLIA NO MUNIC\u00cdPIO DE VILA NOVA DOS MART\u00cdRIOS-MA."}, {"id": "100", "ano": "2025", "numero": "90", "tipo__sigla": "IND", "tipo__descricao": "Indica\u00e7\u00e3o", "autoria": "Lia, Alione do Tetei, Gil Santa Marta, Josemar do Ouro, Ricardo Socorr\u00e3o", "texto_original": "http://sapl.vilanovadosmartirios.ma.leg.br/media/sapl/public/materialegislativa/2025/100/indicacao_no01.2025.pdf", "ementa": "INDICA\u00c7\u00c3O CONJUNTA N\u00ba01/2025 DE AUTORIA DOS VEREADORES (AS) MARIA JOSE FERREIRA SOUSA, JOSE GIVANILDO DE SOUSA MATIAS, JOSEMAR RODRIGUES  DA SILVA, RICARDO VIANA MATOS E  ALIONE FARIAS DE ALMEIDA ASSUNTO: SOLICITA\u00c7\u00c3O DE OBRAS DE INSTALA\u00c7\u00c3O DE TARTARUGAS NA AV. RIO BRANCO EM FRENTE A IGREJA EVANG\u00c9LICA ASSEMBL\u00c9IA DE DEUS E EM FRENTE A PRA\u00c7A DAVI ALVES SILVA NO MUNIC\u00cdPIO DE VILA NOVA DOS MARTIRIOS - MA."}, {"id": "159", "ano": "2025", "numero": "149", "tipo__sigla": "IND", "tipo__descricao": "Indica\u00e7\u00e3o", "autoria": "Gil Santa Marta, Alione do Tetei, Josemar do Ouro, Lia, Ricardo Socorr\u00e3o", "texto_original": "http://sapl.vilanovadosmartirios.ma.leg.br/media/sapl/public/materialegislativa/2025/159/indicacao_no05.2025.pdf", "ementa": "INDICA\u00c7\u00c3O CONJUNTA N\u00b005/2025 DE  AUTORIA DOS VEREADORES (AS) JOSE GIVANILDO DE SOUSA MATIAS, JOSEMAR RODRIGUES DA SILVA, RICARDO VIANA MATOS, ALIONE FARIAS DE ALMEIDA e MARIA JOSE FERREIRA DE SOUSA. ASSUNTO: SOLICITA A CONSTRU\u00c7\u00c3O  E IMPLANTA\u00c7\u00c3O DE UM POSTO DE SA\u00daDE PARA ATENDER A POPULA\u00c7\u00c3O DO ASSENTAMENTO DEUS PROTEJA E SAPUCAIA NA ZONA RURAL DESTE MUNICIPIO VILA NOVA DOS MARTIRIOS - MA."}, {"id": "220", "ano": "2025", "numero": "209", "tipo__sigla": "IND", "tipo__descricao": "Indica\u00e7\u00e3o", "autoria": "Josemar do Ouro", "texto_original": "http://sapl.vilanovadosmartirios.ma.leg.br/media/sapl/public/materialegislativa/2025/220/indicacao_5_josemar.pdf", "ementa": "INDICA\u00c7\u00c3O N\u00b0 05/2025 DE AUTORIA DO VEREADOR JOSEMAR RODRIGUES DA SILVA. ASSUNTO: INSTALA\u00c7\u00c3O DE COLETORES DE LIXO NOS \u00d3RG\u00c3OS P\u00daBLICOS NO MUNIC\u00cdPIO DE VILA NOVA DOS MART\u00cdRIOS-MA."}, {"id": "224", "ano": "2025", "numero": "213", "tipo__sigla": "IND", "tipo__descricao": "Indica\u00e7\u00e3o", "autoria": "Josemar do Ouro", "texto_original": "http://sapl.vilanovadosmartirios.ma.leg.br/media/sapl/public/materialegislativa/2025/224/indicacao_9_josemar.pdf", "ementa": "INDICA\u00c7\u00c3O N\u00b0 09/2025 INCLUIR AS CASAS DE TAIPA DOS VARJ\u00d5ES NO PROJETO DE CONSTRU\u00c7\u00c3O DAS CASAS DO MUNIC\u00cdPIO DE VILA NOVA DOS MART\u00cdRIOS-MA."}, {"id": "298", "ano": "2025", "numero": "269", "tipo__sigla": "IND", "tipo__descricao": "Indica\u00e7\u00e3o", "autoria": "Gil Santa Marta, Josemar do Ouro", "texto_original": "http://sapl.vilanovadosmartirios.ma.leg.br/media/sapl/public/materialegislativa/2025/298/indicagao_conjunta_n_12.2025_vereadores_gil_santa_marta_e_josemar_do_ouro.pdf", "ementa": "INDICA\u00c7\u00c3O CONJUNTA N\u00ba 12/2025 DE AUTORIA DOS EXMOS. SENHORES VEREADORES: JOS\u00c9 GIVANILDO DE SOUSA MATIAS E JOSEMAR RODRIGUES DA SILVA. ASSUNTO: CAMADA ASF\u00c1LTICA EM VIAS URBANAS DO MUNIC\u00cdPIO DE VILA NOVA DOS MART\u00cdRIOS - MA."}, {"id": "307", "ano": "2025", "numero": "276", "tipo__sigla": "IND", "tipo__descricao": "Indica\u00e7\u00e3o", "autoria": "Gil Santa Marta", "texto_original": "http://sapl.vilanovadosmartirios.ma.leg.br/media/sapl/public/materialegislativa/2025/307/indicacao_no_60.2025_gil_santa_marta.pdf", "ementa": "INDICA\u00c7\u00c3O N\u00ba 60/2025 DE AUTORIA DO EXMO. SENHOR VEREADOR JOS\u00c9 GIVANILDO DE SOUSA MATIAS. ASSUNTO: CAMADA ASF\u00c1LTICA NAS RUAS 02 E 03 NO BAIRRO CONJUNTO HABITAR BRASIL."}, {"id": "308", "ano": "2025", "numero": "277", "tipo__sigla": "IND", "tipo__descricao": "Indica\u00e7\u00e3o", "autoria": "Alione do Tetei", "texto_original": "http://sapl.vilanovadosmartirios.ma.leg.br/media/sapl/public/materialegislativa/2025/308/indicacao_no07.2025_aprofundamento_dos_pocos_artesianos.pdf", "ementa": "INDICA\u00c7\u00c3O N\u00ba 07/2025 DE AUTORIA DA EXMA. SENHORA VEREADORA ALIONE FARIAS DE ALMEIDA. ASSUNTO: APROFUNDAMENTO DOS PO\u00c7OS ARTESIANOS J\u00c1 EXISTENTES NO MUNIC\u00cdPIO, COM O OBJETIVO DE ATINGIR O LEN\u00c7OL FRE\u00c1TICO VINCULADO AO RIO ARAGUAIA."}, {"id": "316", "ano": "2025", "numero": "280", "tipo__sigla": "IND", "tipo__descricao": "Indica\u00e7\u00e3o", "autoria": "Lia", "texto_original": "http://sapl.vilanovadosmartirios.ma.leg.br/media/sapl/public/materialegislativa/2025/316/indicacao_no_62.2025.pdf", "ementa": "INDICA\u00c7\u00c3O N\u00ba 62/2025 DE AUTORIA DA VEREADORA MARIA JOS\u00c9 FERREIRA DE SOUSA. ASSUNTO: IMPLANTA\u00c7\u00c3O DA PATRULHA MARIA DA PENHA NO \u00c2MBITO DO 32\u00ba BATALH\u00c3O DE POL\u00cdCIA MILITAR DA 3\u00aa CIA EM VILA NOVA DOS MART\u00cdRIOS - MA."}, {"id": "323", "ano": "2025", "numero": "281", "tipo__sigla": "IND", "tipo__descricao": "Indica\u00e7\u00e3o", "autoria": "Gil Santa Marta", "texto_original": "http://sapl.vilanovadosmartirios.ma.leg.br/media/sapl/public/materialegislativa/2025/323/indicacao_61_gil_santa_marta_ponte_coalhada.pdf", "ementa": "INDICA\u00c7\u00c3O N\u00ba 61/2025 DE AUTORIA DO EXMO. SR. VEREADOR JOS\u00c9 GIVANILDO DE SOUSA MATIAS. ASSUNTO: RECUPERACAO DA PONTE SITUADA NA REGI\u00c3O DA COALHADA, NAS PROXIMIDADES DA RESID\u00caNCIA DO SR. OLAVO."}, {"id": "325", "ano": "2025", "numero": "282", "tipo__sigla": "IND", "tipo__descricao": "Indica\u00e7\u00e3o", "autoria": "Lia", "texto_original": "http://sapl.vilanovadosmartirios.ma.leg.br/media/sapl/public/materialegislativa/2025/325/indicacao_n_63-2025_lia_e_corpo_parlamentar.pdf", "ementa": "INDICA\u00c7\u00c3O CONJUNTA N\u00b0 63/2025 DE AUTORIA DA VEREADORA LIA E DO CORPO PARLAMENTAR. ASSUNTO: AQUISI\u00c7\u00c3O DE UM APARELHO DE BI\u00d3PSIA PARA O HOSPITAL REGIONAL DE A\u00c7AIL\u00c2NDIA."}, {"id": "326", "ano": "2025", "numero": "283", "tipo__sigla": "IND", "tipo__descricao": "Indica\u00e7\u00e3o", "autoria": "Josemar do Ouro, Gil Santa Marta", "texto_original": "http://sapl.vilanovadosmartirios.ma.leg.br/media/sapl/public/materialegislativa/2025/326/indicacao_conjunta_no_25.2025_consultas_e_entregas_de_oculos.pdf", "ementa": "INDICA\u00c7\u00c3O N\u00ba 25/2025 DE AUTORIA DOS VEREADORES JOSEMAR RODRIGUES DA SILVA E JOS\u00c9 GIVANILDO DE SOUSA MATIAS. ASSUNTO: A\u00c7\u00c3O DE SA\u00daDE COM ATENDIMENTO OFTALMOL\u00d3GICO E DISTRIBUI\u00c7\u00c3O DE \u00d3CULOS NOS POVOADOS MARCOL\u00c2NDIA E CURVEL\u00c2NDIA."}, {"id": "329", "ano": "2025", "numero": "284", "tipo__sigla": "IND", "tipo__descricao": "Indica\u00e7\u00e3o", "autoria": "Gil Santa Marta", "texto_original": "http://sapl.vilanovadosmartirios.ma.leg.br/media/sapl/public/materialegislativa/2025/329/indicacao_no63.2025_patrolamento_de_trecho_de_via_rural.pdf", "ementa": "INDICA\u00c7\u00c3O N\u00ba 63/2025 DE AUTORIA DO VEREADOR JOS\u00c9 GIVANILDO DE SOUSA MATIAS. ASSUNTO: REALIZA\u00c7\u00c3O DE SERVI\u00c7OS DE PATROLAMENTO EM TRECHO DE VIA RURAL."}, {"id": "379", "ano": "2025", "numero": "287", "tipo__sigla": "IND", "tipo__descricao": "Indica\u00e7\u00e3o", "autoria": "Josemar do Ouro", "texto_original": "http://sapl.vilanovadosmartirios.ma.leg.br/media/sapl/public/materialegislativa/2025/379/indicacao_no_41.2025_josemar_rodrigues.pdf", "ementa": "INDICA\u00c7\u00c3O N\u00ba 41/2025 AUTORIA DO SENHOR VEREADOR JOSEMAR RODRIGUES DA SILVA. ASSUNTO: CONSTRU\u00c7\u00c3O DE SANIT\u00c1RIOS P\u00daBLICOS NA \u00c1REA DA FEIRA MUNICIPAL, LOCALIZADA AO LADO DA C\u00c2MARA MUNICIPAL DE VILA NOVA DOS MART\u00cdRIOS."}, {"id": "384", "ano": "2025", "numero": "288", "tipo__sigla": "IND", "tipo__descricao": "Indica\u00e7\u00e3o", "autoria": "Josemar do Ouro", "texto_original": "http://sapl.vilanovadosmartirios.ma.leg.br/media/sapl/public/materialegislativa/2025/384/indicacao_no_42.2025_josemar_rodrigues_som_automotivo.pdf", "ementa": "INDICA\u00c7\u00c3O N\u00ba 42/2025 AUTORIA DO EXMO. VEREADOR JOSEMAR RODRIGUES DA SILVA. ASSUNTO: LOCAL ADEQUADO E REGULAMENTADO PARA A PR\u00c1TICA DE SOM AUTOMOTIVO NO MUNIC\u00cdPIO DE VILA NOVA DOS MART\u00cdRIOS."}, {"id": "386", "ano": "2025", "numero": "289", "tipo__sigla": "IND", "tipo__descricao": "Indica\u00e7\u00e3o", "autoria": "Ricardo Socorr\u00e3o", "texto_original": "http://sapl.vilanovadosmartirios.ma.leg.br/media/sapl/public/materialegislativa/2025/386/indicacao_no16.2025_carro_para_o_conselho_tutelar.pdf", "ementa": "INDICA\u00c7\u00c3O N\u00ba 16/2025 AUTORIA DO EXMO. SENHOR VEREADOR RICARDO VIANA MATOS. ASSUNTO: DESTINA\u00c7\u00c3O DE UM VE\u00cdCULO PARA O CONSELHO TUTELAR DO MUNIC\u00cdPIO DE VILA NOVA DOS MART\u00cdRIOS - MA."}, {"id": "387", "ano": "2025", "numero": "290", "tipo__sigla": "IND", "tipo__descricao": "Indica\u00e7\u00e3o", "autoria": "Josemar do Ouro", "texto_original": "http://sapl.vilanovadosmartirios.ma.leg.br/media/sapl/public/materialegislativa/2025/387/indicacao_no_43.2025_construcao_de_uma_creche.pdf", "ementa": "INDICA\u00c7\u00c3O N\u00ba 43/2025 AUTORIA DO SENHOR VEREADOR JOSEMAR RODRIGUES DA SILVA. ASSUNTO: CONSTRU\u00c7\u00c3O DE UMA CRECHE MUNICIPAL NO BAIRRO S\u00c3O GERALDO E SOL NASCENTE, NO MUNIC\u00cdPIO DE VILA NOVA DOS MART\u00cdRIOS."}, {"id": "388", "ano": "2025", "numero": "291", "tipo__sigla": "IND", "tipo__descricao": "Indica\u00e7\u00e3o", "autoria": "Alione do Tetei", "texto_original": "http://sapl.vilanovadosmartirios.ma.leg.br/media/sapl/public/materialegislativa/2025/388/indicacao_no09.2025_construcao_de_um_espaco_para_manobras_e_esporte_com_bike.pdf", "ementa": "INDICA\u00c7\u00c3O N\u00b0 09/2025 AUTORIA DA SENHORA VEREADORA ALIONE FARIAS DE ALMEIDA. ASSUNTO: CONSTRU\u00c7\u00c3O DE UM ESPA\u00c7O ESTRUTURADO PARA A PR\u00c1TICA DE ESPORTES E MANOBRAS COM BICICLETA NO MUNIC\u00cdPIO DE VILA NOVA DOS MART\u00cdRIOS."}, {"id": "389", "ano": "2025", "numero": "292", "tipo__sigla": "IND", "tipo__descricao": "Indica\u00e7\u00e3o", "autoria": "Gil Santa Marta", "texto_original": "http://sapl.vilanovadosmartirios.ma.leg.br/media/sapl/public/materialegislativa/2025/389/indicacao_no65.2025_limpeza_do_cemiterio_de_curvelandia.pdf", "ementa": "INDICA\u00c7\u00c3O N\u00ba 65/2025 AUTORIA DO SENHOR VEREADOR JOS\u00c9 GIVANILDO DE SOUSA MATIAS. ASSUNTO: LIMPEZA E RECOLHIMENTO DE LIXO NO CEMIT\u00c9RIO DO POVOADO CURVEL\u00c2NDIA."}, {"id": "391", "ano": "2025", "numero": "293", "tipo__sigla": "IND", "tipo__descricao": "Indica\u00e7\u00e3o", "autoria": "Gil Santa Marta", "texto_original": "http://sapl.vilanovadosmartirios.ma.leg.br/media/sapl/public/materialegislativa/2025/391/indicacao_no66.2025_patrolamento_estrada_zona_rural_do_jabuti.pdf", "ementa": "INDICA\u00c7\u00c3O N\u00ba 66/2025 AUTORIA DO SENHOR VEREADOR JOS\u00c9 GIVANILDO DE SOUSA MATIAS. ASSUNTO: PATROLAMENTO DA ESTRADA QUE LIGA AS PROPRIEDADES DO SR. PINHEIRO AO SR. ETEVALDO, NA ZONA RURAL DO JABUTI, NESTE MUNIC\u00cdPIO DE VILA NOVA DOS MART\u00cdRIOS - MA."}, {"id": "393", "ano": "2025", "numero": "294", "tipo__sigla": "IND", "tipo__descricao": "Indica\u00e7\u00e3o", "autoria": "Josemar do Ouro", "texto_original": "http://sapl.vilanovadosmartirios.ma.leg.br/media/sapl/public/materialegislativa/2025/393/indicacao_no44.2025_bloqueteamento_ou_asfaltamento_da_rua_da_escola_povoado_jatobazinho.pdf", "ementa": "INDICA\u00c7\u00c3O N\u00ba 44/2025 AUTORIA DO SENHOR VEREADOR JOSEMAR RODRIGUES DA SILVA. ASSUNTO: ASFALTAMENTO OU BLOQUETEAMENTO DA RUA DA ESCOLA, SITUADA NO POVOADO JATOBAZINHO, NO MUNIC\u00cdPIO DE VILA NOVA DOS MART\u00cdRIOS - MA."}, {"id": "394", "ano": "2025", "numero": "295", "tipo__sigla": "IND", "tipo__descricao": "Indica\u00e7\u00e3o", "autoria": "Gil Santa Marta", "texto_original": "http://sapl.vilanovadosmartirios.ma.leg.br/media/sapl/public/materialegislativa/2025/394/indicacao_no67.2025-_patrolamento_da_estrada_ze_rivaldo.docx", "ementa": "INDICA\u00c7\u00c3O N\u00ba 67/2025 AUTORIA DO SENHOR VEREADOR JOS\u00c9 GIVANILDO DE SOUSA MATIAS. ASSUNTO: PATROLAMENTO DA ESTRADA RURAL LOCALIZADA NA REGI\u00c3O DA CABECEIRA DO JATOB\u00c1, NO TRECHO ENTRE AS PROPRIEDADES DO SR. Z\u00c9 ANT\u00d4NIO E Z\u00c9 RIVALDO."}, {"id": "23", "ano": "2025", "numero": "297", "tipo__sigla": "IND", "tipo__descricao": "Indica\u00e7\u00e3o", "autoria": "Gil Santa Marta", "texto_original": "http://sapl.vilanovadosmartirios.ma.leg.br/media/sapl/public/materialegislativa/2026/23/indicacao_n_14.2026_-_construcao_de_um_porto_com_rampa_em_curvelandia.doc", "ementa": "INDICA\u00c7\u00c3O N\u00b0 19/2025 DE AUTORIA DO VEREADOR GIL SANTA MARTA. ASSUNTO: CONSTRU\u00c7\u00c3O DO PORTO COM RAMPA DE ACESSO E \u00c1REA COBERTA EM CURVEL\u00c2NDIA."}, {"id": "270", "ano": "2025", "numero": "2", "tipo__sigla": "DEC", "tipo__descricao": "Decreto Legislativo", "autoria": "Josemar do Ouro", "texto_original": "http://sapl.vilanovadosmartirios.ma.leg.br/media/sapl/public/materialegislativa/2025/270/decreto_no04.2025-_ponto_facultativo_dia_do_trabalhador.pdf", "ementa": "DECRETO LEGISLATIVO N\u00ba04/2025 DE 29 DE ABRIL DE 2025. \u201cDECRETO LEGISLATIVO QUE ESTABELECE PONTO FACULTATIVO NO \u00c2MBITO DO PODER LEGISLATIVO NO MUNIC\u00cdPIO DE VILA NOVA DOS MART\u00cdRIOS-MA.\u201d"}, {"id": "385", "ano": "2025", "numero": "5", "tipo__sigla": "DEC", "tipo__descricao": "Decreto Legislativo", "autoria": "CFIN - Comiss\u00e3o Permanente de Finan\u00e7as e Or\u00e7amento", "texto_original": "http://sapl.vilanovadosmartirios.ma.leg.br/media/sapl/public/materialegislativa/2025/385/20251125113015_001.pdf", "ementa": "DECRETO LEGISLATIVO N\u00b007/2025 - Aprova as Contas da Prefeitura Municipal de Vila Nova dos Mart\u00edrios \u2013 MA, de responsabilidade do prefeito Jorge Vieira dos Santos Filho referente ao Exerc\u00edcio Financeiro de 2021 \u2013 PROCESSO N\u00b0 3587/2022 do TCE/MA."}]}