{"headers": {"id": "ID", "ano": "Ano", "numero": "N\u00famero", "tipo__sigla": "Tipo de Mat\u00e9ria Legislativa/Sigla", "tipo__descricao": "Tipo de Mat\u00e9ria Legislativa/Descri\u00e7\u00e3o", "autoria": "Autorias", "texto_original": "Texto Original", "ementa": "Ementa"}, "results": [{"id": "255", "ano": "2025", "numero": "5", "tipo__sigla": "PLO", "tipo__descricao": "Projeto de Lei Ordin\u00e1ria", "autoria": "Jorge Vieira dos Santos Filho", "texto_original": "http://sapl.vilanovadosmartirios.ma.leg.br/media/sapl/public/materialegislativa/2025/255/projeto_de_lei_003_2025_ldo.pdf", "ementa": "DISP\u00d5E SOBRE A LDO \u2013 LEI DE DIRETRIZES OR\u00c7AMENT\u00c1RIAS PARA A ELABORA\u00c7\u00c3O DA LOA - LEI OR\u00c7AMENT\u00c1RIA ANUAL DE 2026 DO MUNIC\u00cdPIO DE VILA NOVA DOS MART\u00cdRIOS E D\u00c1 OUTRAS PROVID\u00caNCIAS."}, {"id": "301", "ano": "2025", "numero": "7", "tipo__sigla": "PLO", "tipo__descricao": "Projeto de Lei Ordin\u00e1ria", "autoria": "Jorge Vieira dos Santos Filho", "texto_original": "http://sapl.vilanovadosmartirios.ma.leg.br/media/sapl/public/materialegislativa/2025/301/projeto_de_lei_05_2025_incremento_ao_piso_da_atencao_basica.pdf", "ementa": "PROJETO DE LEI N \u00b005/2025. AUTORIZA O PODER EXECUTIVO A ABRIR CR\u00c9DITO ADICIONAL ESPECIAL NO OR\u00c7AMENTO DE 2025 E D\u00c1 OUTRAS PROVID\u00caNCIAS."}, {"id": "311", "ano": "2025", "numero": "8", "tipo__sigla": "PLO", "tipo__descricao": "Projeto de Lei Ordin\u00e1ria", "autoria": "Jorge Vieira dos Santos Filho", "texto_original": "http://sapl.vilanovadosmartirios.ma.leg.br/media/sapl/public/materialegislativa/2025/311/projeto_de_lei_06_2025_ppa_2026_2029.pdf", "ementa": "PROJETO DE LEI N\u00ba 06 DE 27 DE AGOSTO DE 2025. EMENTA: DISP\u00d5E SOBRE O PLANO PLURIANUAL \u2013 PPA PARA O QUADRI\u00caNIO 2026 \u2013 2029, E D\u00c1 OUTRAS PROVID\u00caNCIAS."}, {"id": "312", "ano": "2025", "numero": "9", "tipo__sigla": "PLO", "tipo__descricao": "Projeto de Lei Ordin\u00e1ria", "autoria": "Jorge Vieira dos Santos Filho", "texto_original": "http://sapl.vilanovadosmartirios.ma.leg.br/media/sapl/public/materialegislativa/2025/312/projeto_de_lei_07_2025_loa_2026.pdf", "ementa": "PROJETO DE LEI N\u00ba 07 DE 27 DE AGOSTO DE 2025. EMENTA: LOA \u2013 LEI OR\u00c7AMENTARIA ANUAL ESTIMA A RECEITA E FIXA A DESPESA PARA O EXERC\u00cdCIO FINANCEIRO DE 2026 DO MUNIC\u00cdPIO DE VILA NOVA DOS MART\u00cdRIOS \u2013 MA, E DA OUTRAS PROVID\u00caNCIAS."}, {"id": "320", "ano": "2025", "numero": "10", "tipo__sigla": "PLO", "tipo__descricao": "Projeto de Lei Ordin\u00e1ria", "autoria": "Jorge Vieira dos Santos Filho", "texto_original": "http://sapl.vilanovadosmartirios.ma.leg.br/media/sapl/public/materialegislativa/2025/320/projeto_de_lei_08_2025_diarias.pdf", "ementa": "PROJETO DE LEI N\u00ba 08/2025: DISP\u00d5E SOBRE A CONCESS\u00c3O DE DI\u00c1RIAS NO \u00c2MBITO DA ADMINISTRA\u00c7\u00c3O MUNICIPAL DIRETA DO MUNIC\u00cdPIO DE VILA NOVA DOS MART\u00cdRIOS \u2013 MA, E DA OUTRAS PROVID\u00caNCIAS."}, {"id": "256", "ano": "2025", "numero": "2", "tipo__sigla": "PAREC", "tipo__descricao": "Parecer", "autoria": "CFIN - Comiss\u00e3o Permanente de Finan\u00e7as e Or\u00e7amento", "texto_original": "http://sapl.vilanovadosmartirios.ma.leg.br/media/sapl/public/materialegislativa/2025/256/parecer_no01.2025-_reajuste_salarial_dos_professores.pdf", "ementa": "PARECER N\u00b0 01/2025 DA COMISS\u00c3O DE OR\u00c7AMENTO E FINAN\u00c7AS SOBRE O PROJETO DE LEI N\u00b0 01/2025, \u201cAUTORIZA O PODER EXECUTIVO A REAJUSTAR O SAL\u00c1RIO DOS PROFESSORES EFETIVOS DO MUNIC\u00cdPIO DE VILA NOVA DOS MART\u00cdRIOS E D\u00c1 OUTRAS PROVID\u00caNCIAS.\""}, {"id": "257", "ano": "2025", "numero": "3", "tipo__sigla": "PAREC", "tipo__descricao": "Parecer", "autoria": "CFIN - Comiss\u00e3o Permanente de Finan\u00e7as e Or\u00e7amento", "texto_original": "http://sapl.vilanovadosmartirios.ma.leg.br/media/sapl/public/materialegislativa/2025/257/parecer_no02.2025-_reajuste_salarial_do_servidores.pdf", "ementa": "PARECER N\u00b0 02/2025 DA COMISS\u00c3O DE FINAN\u00c7AS E OR\u00c7AMENTO SOBRE O PROJETO DE LEI N\u00b0 02/2025, \u201cREAJUSTA O SAL\u00c1RIO DOS SERVIDORES EFETIVOS DO MUNIC\u00cdPIO DE VILA NOVA DOS MART\u00cdRIOS E D\u00c1 OUTRAS PROVID\u00caNCIAS\u201d."}, {"id": "268", "ano": "2025", "numero": "5", "tipo__sigla": "PAREC", "tipo__descricao": "Parecer", "autoria": "CFIN - Comiss\u00e3o Permanente de Finan\u00e7as e Or\u00e7amento", "texto_original": "http://sapl.vilanovadosmartirios.ma.leg.br/media/sapl/public/materialegislativa/2025/268/parecer_no03.pdf", "ementa": "\u201cPARECER N\u00ba03/2025 DA COMISS\u00c3O DE FINAN\u00c7AS E OR\u00c7AMENTO SOBRE O PROJETO DE LEI N\u00ba03/2025, \u201cDISP\u00d5E SOBRE A LDO \u2013 LEI DE DIRETRIZES OR\u00c7AMENT\u00c1RIAS PARA A ELABORA\u00c7\u00c3O DA LOA \u2013 LEI OR\u00c7AMENT\u00c1RIA ANUAL DE 2026 DO MUNIC\u00cdPIO DE VILA NOVA DOS MART\u00cdRIOS DE D\u00c1 OUTRAS PROVID\u00caNCIAS."}, {"id": "303", "ano": "2025", "numero": "7", "tipo__sigla": "PAREC", "tipo__descricao": "Parecer", "autoria": "CFIN - Comiss\u00e3o Permanente de Finan\u00e7as e Or\u00e7amento", "texto_original": "http://sapl.vilanovadosmartirios.ma.leg.br/media/sapl/public/materialegislativa/2025/303/parecer_no_04.2025_cfin.pdf", "ementa": "PARECER N\u00ba 04/2025 DA COMISS\u00c3O DE FINAN\u00c7AS E OR\u00c7AMENTO SOBRE O PROJETO DE LEI N\u00ba 05/2025, QUE \u201cAUTORIZA O PODER EXECUTIVO A ABRIR CR\u00c9DITO ADICIONAL ESPECIAL NO OR\u00c7AMENTO DE 2025 E D\u00c1 OUTRAS PROVID\u00caNCIAS."}, {"id": "314", "ano": "2025", "numero": "8", "tipo__sigla": "PAREC", "tipo__descricao": "Parecer", "autoria": "CFIN - Comiss\u00e3o Permanente de Finan\u00e7as e Or\u00e7amento", "texto_original": "http://sapl.vilanovadosmartirios.ma.leg.br/media/sapl/public/materialegislativa/2025/314/parecer_n05_2025-cfin.pdf", "ementa": "PARECER N\u00ba 05/2025 DA COMISS\u00c3O DE FINAN\u00c7AS E OR\u00c7AMENTO SOBRE O PROJETO DE LEI N\u00ba 06/2025, \u201cDISP\u00d5E SOBRE O PLANO PLURIANUAL \u2013 PPA PARA O QUADRI\u00caNIO 2026-2027 E D\u00c1 OUTRAS PROVID\u00caNCIAS."}, {"id": "315", "ano": "2025", "numero": "9", "tipo__sigla": "PAREC", "tipo__descricao": "Parecer", "autoria": "CFIN - Comiss\u00e3o Permanente de Finan\u00e7as e Or\u00e7amento", "texto_original": "http://sapl.vilanovadosmartirios.ma.leg.br/media/sapl/public/materialegislativa/2025/315/parecer_n03_2025_cjure1.pdf", "ementa": "PARECER N\u00ba 03/2025 DA COMISS\u00c3O DE REDA\u00c7\u00c3O E JUSTI\u00c7A SOBRE O PROJETO DE LEI N\u00ba 06/2025, \u201cDISP\u00d5E SOBRE O PLANO PLURIANUAL \u2013 PPA PARA O QUADRI\u00caNIO 2026-2029 E D\u00c1 OUTRAS PROVID\u00caNCIAS\"."}, {"id": "317", "ano": "2025", "numero": "10", "tipo__sigla": "PAREC", "tipo__descricao": "Parecer", "autoria": "CJURE - Comiss\u00e3o Permanente de Justi\u00e7a e Reda\u00e7\u00e3o", "texto_original": "http://sapl.vilanovadosmartirios.ma.leg.br/media/sapl/public/materialegislativa/2025/317/parecer_n04_2025_cjure1.pdf.pdf", "ementa": "PARECER N\u00ba 04/2025 DA COMISS\u00c3O DE JUSTI\u00c7A E REDA\u00c7\u00c3O SOBRE O PROJETO DE LEI N\u00ba 07/2025, \u201cLOA \u2013 LEI OR\u00c7AMENTARIA ANUAL ESTIMA A RECEITA E FIXA A DESPESA PARA O EXERC\u00cdCIO 2026 DO MUNIC\u00cdPIO DE VILA NOVA DOS MART\u00cdRIOS - MA E D\u00c1 OUTRAS PROVID\u00caNCIAS\u201d"}, {"id": "318", "ano": "2025", "numero": "11", "tipo__sigla": "PAREC", "tipo__descricao": "Parecer", "autoria": "CFIN - Comiss\u00e3o Permanente de Finan\u00e7as e Or\u00e7amento", "texto_original": "http://sapl.vilanovadosmartirios.ma.leg.br/media/sapl/public/materialegislativa/2025/318/parecer_n07_2025_cfin_2.pdf", "ementa": "PARECER N\u00ba 07/2025 DA COMISS\u00c3O DE FINAN\u00c7AS E OR\u00c7AMENTO SOBRE O PROJETO DE LEI N\u00ba 07/2025, \u201cLOA \u2013 LEI OR\u00c7AMENTARIA ANUAL ESTIMA A RECEITA E FIXA A DESPESA PARA O EXERC\u00cdCIO 2026 DO MUNIC\u00cdPIO DE VILA NOVA DOS MART\u00cdRIOS - MA E D\u00c1 OUTRAS PROVID\u00caNCIAS\u201d"}, {"id": "327", "ano": "2025", "numero": "14", "tipo__sigla": "PAREC", "tipo__descricao": "Parecer", "autoria": "CFIN - Comiss\u00e3o Permanente de Finan\u00e7as e Or\u00e7amento", "texto_original": "http://sapl.vilanovadosmartirios.ma.leg.br/media/sapl/public/materialegislativa/2025/327/parecer_08.2025_cfin.pdf", "ementa": "PARECER N\u00ba 08/2025 DA COMISS\u00c3O DE FINAN\u00c7AS E OR\u00c7AMENTO SOBRE O PROJETO DE LEI N\u00ba 08/2025, \u201cDISP\u00d5E SOBRE A CONCESS\u00c3O DE DI\u00c1RIAS NO \u00c2MBITO DA ADMINISTRA\u00c7\u00c3O MUNICIPAL DIRETA DO MUNIC\u00cdPIO DE VILA NOVA DOS MART\u00cdRIOS \u2013 MA, E D\u00c1 OUTRAS PROVID\u00caNCIAS"}, {"id": "328", "ano": "2025", "numero": "15", "tipo__sigla": "PAREC", "tipo__descricao": "Parecer", "autoria": "CJURE - Comiss\u00e3o Permanente de Justi\u00e7a e Reda\u00e7\u00e3o", "texto_original": "http://sapl.vilanovadosmartirios.ma.leg.br/media/sapl/public/materialegislativa/2025/328/parecer_07.2025_da_comissao_de_justica_e_redacao.pdf", "ementa": "PARECER N\u00ba 07/2025 DA COMISS\u00c3O DE JUSTI\u00c7A E REDA\u00c7\u00c3O SOBRE O PROJETO DE LEI N\u00ba 08/2025, \u201cDISP\u00d5E SOBRE A CONCESS\u00c3O DE DI\u00c1RIAS NO \u00c2MBITO DA ADMINISTRA\u00c7\u00c3O MUNICIPAL DIRETA DO MUNIC\u00cdPIO DE VILA NOVA DOS MART\u00cdRIOS \u2013 MA, E D\u00c1 OUTRAS PROVID\u00caNCIAS\""}, {"id": "355", "ano": "2025", "numero": "20", "tipo__sigla": "PAREC", "tipo__descricao": "Parecer", "autoria": "Tribunal de Contas do Estado do Maranh\u00e3o", "texto_original": "http://sapl.vilanovadosmartirios.ma.leg.br/media/sapl/public/materialegislativa/2025/355/parecer_previo_tce-ma_4040.2023.pdf", "ementa": "PARECER PR\u00c9VIO PL-TCE/MA N\u00ba 523/2023"}, {"id": "381", "ano": "2025", "numero": "23", "tipo__sigla": "PAREC", "tipo__descricao": "Parecer", "autoria": "CJURE - Comiss\u00e3o Permanente de Justi\u00e7a e Reda\u00e7\u00e3o", "texto_original": "http://sapl.vilanovadosmartirios.ma.leg.br/media/sapl/public/materialegislativa/2025/381/parecer_n_12.2025_da_comissao_de_justica_e_redacao.pdf", "ementa": "PARECER N\u00ba 12/2025 DA COMISS\u00c3O DE JUSTI\u00c7A E REDA\u00c7\u00c3O SOBRE O PROJETO DE LEI N\u00ba 09/2025, QUE \u201cALTERA O CAP\u00cdTULO IX, SE\u00c7\u00c3O I, ART. 60 DA LEI N\u00ba 142/2011, DISP\u00d5E SOBRE A ESTRUTURA DO PLANO DE CARGOS E CARREIRA DA REDE MUNICIPAL DE ENSINO DE VILA NOVA DOS MART\u00cdROS \u2013 MA, E D\u00c1 OUTRAS PROVID\u00caNCIAS\u201d"}, {"id": "382", "ano": "2025", "numero": "24", "tipo__sigla": "PAREC", "tipo__descricao": "Parecer", "autoria": "CFIN - Comiss\u00e3o Permanente de Finan\u00e7as e Or\u00e7amento", "texto_original": "http://sapl.vilanovadosmartirios.ma.leg.br/media/sapl/public/materialegislativa/2025/382/parecer_n_09.2025_da_comissao_de_financas_e_orcamento.pdf", "ementa": "PARECER N\u00ba 09/2025 DA COMISS\u00c3O DE FINAN\u00c7AS E OR\u00c7AMENTO SOBRE O PROJETO DE LEI N\u00ba 09/2025, \u201cALTERA O CAP\u00cdTULO IX, SE\u00c7\u00c3O I, ART. 60 DA LEI N\u00ba 142/2011, DISP\u00d5E SOBRE A ESTRUTURA DO PLANO DE CARGOS E CARREIRA DA REDE MUNICIPAL DE ENSINO DE VILA NOVA DOS MART\u00cdROS \u2013 MA, E DA OUTRAS PROVID\u00caNCIAS\u201d"}, {"id": "139", "ano": "2025", "numero": "129", "tipo__sigla": "IND", "tipo__descricao": "Indica\u00e7\u00e3o", "autoria": "Lia", "texto_original": "http://sapl.vilanovadosmartirios.ma.leg.br/media/sapl/public/materialegislativa/2025/139/indicacao_conjunta_n44.2025_lia_e_alione.pdf", "ementa": "INDICA\u00c7\u00c3O N\u00ba44/2025 DE AUTORIA DAS VEREADORAS MARIA JOS\u00c9 FERREIRA DE SOUSA E ALIONE FARIAS DE ALMEIDA. ASSUNTO: REALIZA\u00c7\u00c3O DE CONCURSO P\u00daBLICO PARA O MUNIC\u00cdPIO DE VILA NOVA DOS MART\u00cdRIOS-MA."}, {"id": "147", "ano": "2025", "numero": "137", "tipo__sigla": "IND", "tipo__descricao": "Indica\u00e7\u00e3o", "autoria": "Lia", "texto_original": "http://sapl.vilanovadosmartirios.ma.leg.br/media/sapl/public/materialegislativa/2025/147/indicacao_no54.2025.pdf", "ementa": "INDICA\u00c7\u00c3O N\u00ba54/2025 DE AUTORIA DA VEREADORA MARIA JOS\u00c9 FERREIRA DE SOUSA. ASSUNTO: AQUISI\u00c7\u00c3O DE UMA P\u00c1 CARREGADEIRA PARA O MUNIC\u00cdPIO DE VILA NOVA DOS MARTIR\u00cdOS - MA."}, {"id": "160", "ano": "2025", "numero": "150", "tipo__sigla": "IND", "tipo__descricao": "Indica\u00e7\u00e3o", "autoria": "Gil Santa Marta, Alione do Tetei, Josemar do Ouro, Lia, Ricardo Socorr\u00e3o", "texto_original": "http://sapl.vilanovadosmartirios.ma.leg.br/media/sapl/public/materialegislativa/2025/160/indicacao_no06.2025.pdf", "ementa": "INDICA\u00c7\u00c3O  CONUNTA N\u00b006/2025 DE  AUTORIA DOS VEREADORES (AS) JOS\u00c9 GIVANILDO DE SOUSA MATIAS, JOSEMAR RODRIGUES DA SILVA, RICARDO VIANA MATOS, ALIONE FARIAS DE ALMEIDA e MARIA JOS\u00c9 FERREIRA DE SOUSA. ASSUNTO: SOLICITA\u00c7\u00c3O DE AQUISI\u00c7\u00c3O (COMPRA) DE UMA CAMINHONETE OU CAMINH\u00c3O EQUPADO PARA O SERVI\u00c7O DE ILUMINA\u00c7\u00c3O PUBLICA DO NOSSO MUNICIPIO VILA NOVA DOS MARTIRIOS - MA."}, {"id": "161", "ano": "2025", "numero": "151", "tipo__sigla": "IND", "tipo__descricao": "Indica\u00e7\u00e3o", "autoria": "Gil Santa Marta, Alione do Tetei, Josemar do Ouro, Lia, Ricardo Socorr\u00e3o", "texto_original": "http://sapl.vilanovadosmartirios.ma.leg.br/media/sapl/public/materialegislativa/2025/161/indicacao_no07.2025.pdf", "ementa": "INDICA\u00c7\u00c3O CONJUNTA N\u00b007/2025 DE AUTORIA DOS VEREADORES (AS) JOS\u00c9 GIVANILDO DE SOUSA MATIAS, JOSEMAR RODRIGUES DA SILVA, RICARDO VIANA MATOS, ALIONE FARIAS DE ALMEIDA e MARIA JOS\u00c9 FERREIRA DE SOUSA. ASSUNTO: SOLICITACAO DE AQUISI\u00c7\u00c3O (COMPRA) DE UM CAMINHAO COLETOR E COMPACTADOR DE LIXO PARA O NOSSO MUNICIPIO VILA NOVA DOS MARTIRIOS - MA."}, {"id": "166", "ano": "2025", "numero": "156", "tipo__sigla": "IND", "tipo__descricao": "Indica\u00e7\u00e3o", "autoria": "Gil Santa Marta, Alione do Tetei, Josemar do Ouro, Lia, Ricardo Socorr\u00e3o", "texto_original": "http://sapl.vilanovadosmartirios.ma.leg.br/media/sapl/public/materialegislativa/2025/166/indicacao_no12.2025.pdf", "ementa": "INDICA\u00c7\u00c3O CONJUNTA N\u00b012 /2025 DE AUTORIA DOS VEREADORES (AS) JOS\u00c9 GIVANILDO DE SOUSA MATIAS, JOSEMAR RODRIGUES DA SILVA, RICARDO VIANA MATOS, ALIONE FARIAS DE ALMEIDA e MARIA JOS\u00c9 FERREIRA DE SOUSA. ASSUNTO: SOLICITA\u00c7\u00c3O DE AQUISI\u00c7\u00c3O DE UM CAMINH\u00c3O PARA O TRANSPORTE DE CARNES DO MATADOURO PARA OS A\u00c7OUGUES PARA O NOSSO MUNICIPIO VILA NOVA DOS\r\nMARTIRIOS - MA"}, {"id": "179", "ano": "2025", "numero": "169", "tipo__sigla": "IND", "tipo__descricao": "Indica\u00e7\u00e3o", "autoria": "Gil Santa Marta", "texto_original": "http://sapl.vilanovadosmartirios.ma.leg.br/media/sapl/public/materialegislativa/2025/179/indicacao_no26.2025.pdf", "ementa": "INDICA\u00c7\u00c3O CONJUNTA N\u00b026/2025 DE AUTORIA DOS VEREADORES (AS) JOS\u00c9 GIVANILDO DE SOUSA MATIAS, JOSEMAR RODRIGUES DA SILVA, RICARDO VIANA MATOS, ALIONE FARIAS DE ALMEIDA e MARIA JOS\u00c9 FERREIRA DE SOUSA. ASSUNTO: SOLICITA\u00c7\u00c3O PARA A PREFEITURA MUNICIPAL FAZER A COMPRA (AQUISI\u00c7\u00c3O) DE 01 UM VEICULO PARA A SECRETARIA MUNICIPAL DE ESPORTE E JUVENTUDE DO MUNICIPIO VILA NOVA DOS MARTIRIOS - MA"}, {"id": "185", "ano": "2025", "numero": "175", "tipo__sigla": "IND", "tipo__descricao": "Indica\u00e7\u00e3o", "autoria": "Gil Santa Marta, Alione do Tetei, Josemar do Ouro, Lia, Ricardo Socorr\u00e3o", "texto_original": "http://sapl.vilanovadosmartirios.ma.leg.br/media/sapl/public/materialegislativa/2025/185/indicacao_no32.2025.pdf", "ementa": "INDICA\u00c7\u00c3O CONJUNTA N\u00b032/2025 DE AUTORIA DOS VEREADORES (AS) JOS\u00c9  GIVANILDO DE SOUSA MATIAS, JOSEMAR RODRIGUES DA SILVA, RICARDO VIANA MATOS, ALIONE FARIAS DE ALMEIDA e MARIA JOS\u00c9 FERREIRA DE SOUSA. ASSUNTO: SOLICITA\u00c7\u00c3O PARA A PREFEITURA MUNICIPAL FAZER A COMPRA (AQUISI\u00c7\u00c3O) DE 01 UM VEICULO AUTOMOVEL E (AQUISIC,AO) DE 01 UMA MOTOCICLETA PARA A GUARDA MUNICIPAL DO MUNICIPIO VILA NOVA DOS MARTIRIOS - MA."}, {"id": "193", "ano": "2025", "numero": "183", "tipo__sigla": "IND", "tipo__descricao": "Indica\u00e7\u00e3o", "autoria": "Gil Santa Marta, Alione do Tetei, Josemar do Ouro, Lia, Ricardo Socorr\u00e3o", "texto_original": "http://sapl.vilanovadosmartirios.ma.leg.br/media/sapl/public/materialegislativa/2025/193/indicacao_no41.2025.pdf", "ementa": "INDICA\u00c7\u00c3O CONJUNTA N\u00b041/2025 DE AUTORIA DOS VEREADORES: JOS\u00c9 GIVANILDO DE SOUSA MATIAS, ALIONE FARIAS DE ALMEIDA, MARIA JOS\u00c9 FERREIRA DE SOUSA, JOSEMAR RODRIGUES DA SILVA e RICARDO VIANA MATOS. ASSUNTO: AQUISI\u00c7\u00c3O DE UMA MAQUINA RETROESCAVADEIRA E UMA CACAMBA PARA O MUNIC\u00cdPIO, DE VILA NOVA DOS MARTIRIOS-MA."}]}