{"headers": {"id": "ID", "ano": "Ano", "numero": "N\u00famero", "tipo__sigla": "Tipo de Mat\u00e9ria Legislativa/Sigla", "tipo__descricao": "Tipo de Mat\u00e9ria Legislativa/Descri\u00e7\u00e3o", "autoria": "Autorias", "texto_original": "Texto Original", "ementa": "Ementa"}, "results": [{"id": "252", "ano": "2025", "numero": "3", "tipo__sigla": "PLO", "tipo__descricao": "Projeto de Lei Ordin\u00e1ria", "autoria": "Jorge Vieira dos Santos Filho", "texto_original": "http://sapl.vilanovadosmartirios.ma.leg.br/media/sapl/public/materialegislativa/2025/252/projeto_de_lei_001_2025_reaj_sal_prof_efet.pdf", "ementa": "REAJUSTA O SAL\u00c1RIO DOS PROFESSORES EFETIVOS DO MUNIC\u00cdPIO DE VILA NOVA DOS MART\u00cdRIOS E D\u00c1 OUTRAS PROVID\u00caNCIAS\u201d."}, {"id": "97", "ano": "2025", "numero": "5", "tipo__sigla": "REC", "tipo__descricao": "Requerimento", "autoria": "Isac Soares, Jo\u00e3o Fredson, Meikilo", "texto_original": "http://sapl.vilanovadosmartirios.ma.leg.br/media/sapl/public/materialegislativa/2025/97/requerimento_1_isac_elson_e_fredson.pdf", "ementa": "REQUERIMENTO N\u00b0 01/2025 Solicita\u00e7\u00e3o de Emenda Parlamentar ou doa\u00e7\u00e3o para transporte escolar para alunos universit\u00e1rios que estudam na cidade de Imperatriz-MA."}, {"id": "2", "ano": "2025", "numero": "1", "tipo__sigla": "IND", "tipo__descricao": "Indica\u00e7\u00e3o", "autoria": "Professor Manoelzinho, Gil Santa Marta", "texto_original": "http://sapl.vilanovadosmartirios.ma.leg.br/media/sapl/public/materialegislativa/2025/2/indicacao_conjunta_n_01_2025.pdf", "ementa": "INDICA\u00c7\u00c3O CONJUNTA N\u00b0 01/2025 DE AUTORIA DOS VEREADORES MANOEL FERREIRA DA SILVA E JOS\u00c9 GIVANILDO DE SOUSA MATIAS. ASSUNTO: SOLICITA A CRIA\u00c7\u00c3O DE UM CENTRO MULTIPROFISSIONAL DE EDUCA\u00c7\u00c3O ESPECIAL E INCLUSIVA PARA ATENDIMENTO AO P\u00daBLICO-ALVO DA EDUCA\u00c7\u00c3O ESPECIAL DO MUNIC\u00cdPIO DE VILA NOVA DOS MART\u00cdRIOS."}, {"id": "6", "ano": "2025", "numero": "4", "tipo__sigla": "IND", "tipo__descricao": "Indica\u00e7\u00e3o", "autoria": "Alione do Tetei", "texto_original": "http://sapl.vilanovadosmartirios.ma.leg.br/media/sapl/public/materialegislativa/2025/6/indicacao_n_02_alione.pdf", "ementa": "INDICA\u00c7\u00c3O N\u00b0 02/2025 DE AUTORIA DA VEREADORA ALIONE FARIAS DE ALMEIDA. ASSUNTO: DISPONIBILIZA\u00c7\u00c3O DE TRANSPORTE PARA ALUNOS DOS POVOADOS QUE TENHAM INTERESSE NO ENSINO M\u00c9DIO INTEGRAL DO MUNIC\u00cdPIO VILA NOVA DOS MART\u00cdRIOS - MA."}, {"id": "60", "ano": "2025", "numero": "57", "tipo__sigla": "IND", "tipo__descricao": "Indica\u00e7\u00e3o", "autoria": "Ricardo Socorr\u00e3o", "texto_original": "http://sapl.vilanovadosmartirios.ma.leg.br/media/sapl/public/materialegislativa/2025/60/indicacao_3_ricardo.pdf", "ementa": "INDICA\u00c7\u00c3O N\u00b0 03/2025 DE AUTORIA DO VEREADOR RICARDO VIANA MATOS. ASSUNTO: SOLICITA\u00c7\u00c3O DE INSTALA\u00c7\u00c3O DA ESTA\u00c7\u00c3O TECH - CENTRO DESCENTRALIZADO DE CAPACITA\u00c7\u00c3O EM INOVA\u00c7\u00c3O T\u00c9CNICA NO MUNIC\u00cdPIO DE VILA NOVA DOS MART\u00cdRIOS.MA."}, {"id": "132", "ano": "2025", "numero": "122", "tipo__sigla": "IND", "tipo__descricao": "Indica\u00e7\u00e3o", "autoria": "Lia", "texto_original": "http://sapl.vilanovadosmartirios.ma.leg.br/media/sapl/public/materialegislativa/2025/132/indicacao_no37.2025.pdf", "ementa": "INDICA\u00c7\u00c3O N\u00ba37/2025 ASSUNTO: CRIA\u00c7\u00c3O DE UMA ESCOLA TECNICA MUNICIPAL NO MUNIC\u00cdPIO DE VILA NOVA\r\nDOS MARTIRIOS-MA."}, {"id": "154", "ano": "2025", "numero": "144", "tipo__sigla": "IND", "tipo__descricao": "Indica\u00e7\u00e3o", "autoria": "Lia", "texto_original": "http://sapl.vilanovadosmartirios.ma.leg.br/media/sapl/public/materialegislativa/2025/154/indicacao_no61.2025.pdf", "ementa": "INDICA\u00c7\u00c3O N\u00ba61/2025 DE AUTORIA DA VEREADORA MARIA JOS\u00c9 FERREIRA DE SOUSA. ASSUNTO: TROCA DAS SIRENES DAS ESCOLAS DO MUNIC\u00cdPIO DE VILA NOVA DOS MART\u00cdRIOS-MA."}, {"id": "203", "ano": "2025", "numero": "193", "tipo__sigla": "IND", "tipo__descricao": "Indica\u00e7\u00e3o", "autoria": "Jo\u00e3o Fredson", "texto_original": "http://sapl.vilanovadosmartirios.ma.leg.br/media/sapl/public/materialegislativa/2025/203/indicacao_no10.2025._joao_fredson.pdf", "ementa": "INDICA\u00c7\u00c3O N\u00ba10/2025 DE AUTORIA DO VEREADOR JO\u00c3O FREDSON ALVES DE CARVALHO \u201cAUTORIZA A CONCESS\u00c3O DE BOLSAS DE GRADUA\u00c7\u00c3O AOS ESTUDANTES DE CURSO SUPERIOR PRESENCIAL NO \u00c2MBITO DO MUNIC\u00cdPIO VILA NOVA DOS MART\u00cdRIOS E D\u00c1 OUTRAS PROVID\u00caNCIAS\u201d."}, {"id": "205", "ano": "2025", "numero": "195", "tipo__sigla": "IND", "tipo__descricao": "Indica\u00e7\u00e3o", "autoria": "Jo\u00e3o Fredson", "texto_original": "http://sapl.vilanovadosmartirios.ma.leg.br/media/sapl/public/materialegislativa/2025/205/indicacao_no12.2025-_reabertura_da_escola_do_povoado_jatobazinho.docx", "ementa": "INDICA\u00c7\u00c3O N\u00b012/2025 DE  AUTORIA DO VEREADOR JO\u00c3O FREDSON ALVES DE CARVALHO ASSUNTO: REABERTURA DA ESCOLA BOM JESUS NO POVOADO JATOBAZINHO NO MUNICIPIO DE VILA NOVA DOS MARTIRIOS-MA"}, {"id": "208", "ano": "2025", "numero": "198", "tipo__sigla": "IND", "tipo__descricao": "Indica\u00e7\u00e3o", "autoria": "Jo\u00e3o Fredson", "texto_original": "http://sapl.vilanovadosmartirios.ma.leg.br/media/sapl/public/materialegislativa/2025/208/indicacao_no15.2025_joao_fredson_alves_de_carvalho_notebooks_para_os_professores.pdf", "ementa": "INDICA\u00c7\u00c3O N\u00b015/2025 DE AUTORIA DO VEREADOR SR. JO\u00c3O FREDSON ALVES DE CARVALHO. ASSUNTO: SOLICITA\u00c7\u00c3O DE AQUISI\u00c7\u00c3O DE NOTEBOOKS PARA OS PROFESSORES DA REDE PUBLICA DE ENSINO DO MUNICIPIO DE VILA NOVE DOS MART\u00cdRIOS-MA"}, {"id": "212", "ano": "2025", "numero": "202", "tipo__sigla": "IND", "tipo__descricao": "Indica\u00e7\u00e3o", "autoria": "Jo\u00e3o Fredson", "texto_original": "http://sapl.vilanovadosmartirios.ma.leg.br/media/sapl/public/materialegislativa/2025/212/indicacao_no19.2025.pdf", "ementa": "INDICA\u00c7\u00c3O N\u00b019/2025 DE  AUTORIA DO VEREADOR SR. JO\u00c3O FREDSON ALVES CARVALHO ASSUNTO: SOLICITA\u00c7\u00c3O DE ACERVO BIBLIOGRAFICO PARA A BIBLIOTECA \"FLORIPES BATISTA DA CRUZ\" NO MUNICIPIO DE VILA NOVA DOS MARTIRIOS-MA"}, {"id": "230", "ano": "2025", "numero": "219", "tipo__sigla": "IND", "tipo__descricao": "Indica\u00e7\u00e3o", "autoria": "Josemar do Ouro, Alione do Tetei, Gil Santa Marta, Lia, Ricardo Socorr\u00e3o", "texto_original": "http://sapl.vilanovadosmartirios.ma.leg.br/media/sapl/public/materialegislativa/2025/230/indicacao_18_josemar_gil_ricardo_lia_e_alione.pdf", "ementa": "INDICA\u00c7\u00c3O CONJUNTA N\u00b0 18/2025 SOLICITA A REALIZA\u00c7\u00c3O DE OBRAS DE CONSTRU\u00c7\u00c3O DE UMA ESCOLA EM TEMPO INTEGRAL NA SEDE DO MUNIC\u00cdPIO VILA NOVA DOS MART\u00cdRIOS - MA"}, {"id": "234", "ano": "2025", "numero": "222", "tipo__sigla": "IND", "tipo__descricao": "Indica\u00e7\u00e3o", "autoria": "Josemar do Ouro", "texto_original": "http://sapl.vilanovadosmartirios.ma.leg.br/media/sapl/public/materialegislativa/2025/234/indicacao_21_josemar.pdf", "ementa": "INDICA\u00c7\u00c3O N\u00b0 21/2025 AQUISI\u00c7\u00c3O DE UM \u00d4NIBUS PARA O TRANSPORTE DOS UNIVERSIT\u00c1RIOS DE VILA NOVA DOS MART\u00cdRIOS-MA"}, {"id": "239", "ano": "2025", "numero": "227", "tipo__sigla": "IND", "tipo__descricao": "Indica\u00e7\u00e3o", "autoria": "Josemar do Ouro, Alione do Tetei, Gil Santa Marta, Jo\u00e3o Fredson, Lia, Ricardo Socorr\u00e3o", "texto_original": "http://sapl.vilanovadosmartirios.ma.leg.br/media/sapl/public/materialegislativa/2025/239/indicacao_conjunta_26_josemar_gil_ricardo_lia_alione_e_fredson.pdf", "ementa": "INDICA\u00c7\u00c3O CONJUNTA N\u00b0 26/2025 SOLICITA A REALIZA\u00c7\u00c3O DE OBRAS DE CONSTRU\u00c7\u00c3O DE UMA ESCOLA EM TEMPO INTEGRAL NO BAIRRO S\u00c3O GERALDO NA SEDE DO MUNIC\u00cdPIO VILA NOVA DOS MART\u00cdRIOS - MA"}, {"id": "378", "ano": "2025", "numero": "286", "tipo__sigla": "IND", "tipo__descricao": "Indica\u00e7\u00e3o", "autoria": "Alione do Tetei", "texto_original": "http://sapl.vilanovadosmartirios.ma.leg.br/media/sapl/public/materialegislativa/2025/378/indicacao_no_08.2025_-_alione_farias_de_almeida_-_escola_militar_tiradentes.pdf", "ementa": "INDICA\u00c7\u00c3O N\u00ba 08/2025 AUTORIA DA EXMA. SENHORA VEREADORA ALIONE FARIAS DE ALMEIDA. ASSUNTO: IMPLANTA\u00c7\u00c3O DA ESCOLA MILITAR TIRADENTES NO MUNIC\u00cdPIO DE VILA NOVA DOS MART\u00cdRIOS."}]}