{"id":12,"__str__":"Correspond\u00eancia: Of\u00edcio Administrativo N\u00ba 122/2025 - Indica\u00e7\u00e3o do L\u00edder do Governo na C\u00e2mara Municipal.","link_detail_backend":"/sessao/correspondencia/12","metadata":{},"observacao":"","numero_ordem":1,"tipo":1,"sessao_plenaria":5,"documento":97}