{"id":381,"__str__":"Parecer n\u00ba 23 de 2025","link_detail_backend":"/materia/381","metadata":{},"numero":23,"ano":2025,"numero_protocolo":676,"data_apresentacao":"2025-11-13","tipo_apresentacao":"E","data_publicacao":null,"numero_origem_externa":"","ano_origem_externa":null,"data_origem_externa":null,"apelido":"","dias_prazo":null,"data_fim_prazo":null,"em_tramitacao":false,"polemica":false,"objeto":"","complementar":false,"ementa":"PARECER N\u00ba 12/2025 DA COMISS\u00c3O DE JUSTI\u00c7A E REDA\u00c7\u00c3O SOBRE O PROJETO DE LEI N\u00ba 09/2025, QUE \u201cALTERA O CAP\u00cdTULO IX, SE\u00c7\u00c3O I, ART. 60 DA LEI N\u00ba 142/2011, DISP\u00d5E SOBRE A ESTRUTURA DO PLANO DE CARGOS E CARREIRA DA REDE MUNICIPAL DE ENSINO DE VILA NOVA DOS MART\u00cdROS \u2013 MA, E D\u00c1 OUTRAS PROVID\u00caNCIAS\u201d","indexacao":"","observacao":"","resultado":"","texto_original":"http://sapl.vilanovadosmartirios.ma.leg.br/media/sapl/public/materialegislativa/2025/381/parecer_n_12.2025_da_comissao_de_justica_e_redacao.pdf","data_ultima_atualizacao":"2025-11-20T11:41:07.536958-03:00","ip":"189.90.42.53","ultima_edicao":"2025-11-20T11:41:07.322579-03:00","tipo":6,"regime_tramitacao":2,"tipo_origem_externa":null,"local_origem_externa":null,"user":6,"anexadas":[],"autores":[22]}