{"id":354,"__str__":"Projeto de Lei Ordin\u00e1ria n\u00ba 12 de 2025","link_detail_backend":"/materia/354","metadata":{"signs":{"texto_original":{"admin":[],"autores":[["Jorge Vieira dos Santos Filho",["2025-11-03T11:26:19-03:00","ICP-Brasil"]]]}}},"numero":12,"ano":2025,"numero_protocolo":648,"data_apresentacao":"2025-11-03","tipo_apresentacao":"E","data_publicacao":null,"numero_origem_externa":"","ano_origem_externa":null,"data_origem_externa":null,"apelido":"","dias_prazo":null,"data_fim_prazo":null,"em_tramitacao":false,"polemica":false,"objeto":"","complementar":false,"ementa":"PROJETO DE LEI N\u00ba 09 DE 30 DE OUTUBRO DE 2025 - ALTERA O CAP\u00cdTULO IX, SE\u00c7\u00c3O I, ART. 60 DA LEI N\u00ba 142/2011, DISP\u00d5E SOBRE A ESTRUTURA DO PLANO DE CARGOS E CARREIRA DA REDE MUNICIPAL DE ENSINO DE VILA NOVA DOS MART\u00cdRIOS \u2013 MA, E D\u00c1 OUTRAS PROVID\u00caNCIAS.","indexacao":"","observacao":"","resultado":"","texto_original":"http://sapl.vilanovadosmartirios.ma.leg.br/media/sapl/public/materialegislativa/2025/354/projeto_de_lei_09_2025_altera_artigo_da_lei_142_2011.pdf","data_ultima_atualizacao":"2025-11-26T10:22:04.298645-03:00","ip":"189.90.42.53","ultima_edicao":"2025-11-03T12:38:58.783302-03:00","tipo":1,"regime_tramitacao":2,"tipo_origem_externa":null,"local_origem_externa":null,"user":4,"anexadas":[381],"autores":[18]}