{"id":336,"__str__":"Requerimento n\u00ba 10 de 2025","link_detail_backend":"/materia/336","metadata":{},"numero":10,"ano":2025,"numero_protocolo":635,"data_apresentacao":"2025-10-08","tipo_apresentacao":"E","data_publicacao":null,"numero_origem_externa":"02","ano_origem_externa":2025,"data_origem_externa":null,"apelido":"","dias_prazo":null,"data_fim_prazo":null,"em_tramitacao":true,"polemica":false,"objeto":"","complementar":false,"ementa":"REQUERIMENTO N\u00ba 02/2025 DISP\u00d5E SOBRE A CONCESS\u00c3O DE T\u00cdTULO DE CIDAD\u00c3O VILANOVENSE AO ILUSTR\u00cdSSIMO VEREADOR SENHOR MANOEL FERREIRA DA SILVA E D\u00c1 OUTRAS PROVIDENCIAS.","indexacao":"CONCESS\u00c3O DE T\u00cdTULO DE CIDAD\u00c3O VILANOVENSE\r\nMANOEL FERREIRA DA SILVA","observacao":"","resultado":"","texto_original":"http://sapl.vilanovadosmartirios.ma.leg.br/media/sapl/public/materialegislativa/2025/336/requerimento_n02.2025_-_maria_jose.pdf","data_ultima_atualizacao":"2025-11-11T12:05:10.065692-03:00","ip":"189.90.42.53","ultima_edicao":"2025-11-11T12:05:09.888340-03:00","tipo":10,"regime_tramitacao":2,"tipo_origem_externa":10,"local_origem_externa":null,"user":6,"anexadas":[],"autores":[11]}