{"id":331,"__str__":"Parecer n\u00ba 16 de 2025","link_detail_backend":"/materia/331","metadata":{},"numero":16,"ano":2025,"numero_protocolo":627,"data_apresentacao":"2025-10-20","tipo_apresentacao":"E","data_publicacao":null,"numero_origem_externa":"","ano_origem_externa":null,"data_origem_externa":null,"apelido":"","dias_prazo":null,"data_fim_prazo":null,"em_tramitacao":false,"polemica":false,"objeto":"","complementar":false,"ementa":"PARECER N\u00ba 08/2025 DA COMISS\u00c3O DE JUSTI\u00c7A E REDA\u00c7\u00c3O SOBRE O PROJETO DE RESOLU\u00c7\u00c3O N\u00ba 02/2025.","indexacao":"parecer cjure comissao especial","observacao":"","resultado":"","texto_original":"http://sapl.vilanovadosmartirios.ma.leg.br/media/sapl/public/materialegislativa/2025/331/parecer_n_08.2025_da_comissao_de_justica_e_redacao.pdf","data_ultima_atualizacao":"2025-11-20T11:43:43.295546-03:00","ip":"189.90.42.53","ultima_edicao":"2025-11-20T11:43:43.116404-03:00","tipo":6,"regime_tramitacao":2,"tipo_origem_externa":null,"local_origem_externa":null,"user":6,"anexadas":[],"autores":[22]}