{"id":315,"__str__":"Parecer n\u00ba 9 de 2025","link_detail_backend":"/materia/315","metadata":{},"numero":9,"ano":2025,"numero_protocolo":574,"data_apresentacao":"2025-09-08","tipo_apresentacao":"E","data_publicacao":null,"numero_origem_externa":"","ano_origem_externa":null,"data_origem_externa":null,"apelido":"","dias_prazo":null,"data_fim_prazo":null,"em_tramitacao":false,"polemica":false,"objeto":"","complementar":false,"ementa":"PARECER N\u00ba 03/2025 DA COMISS\u00c3O DE REDA\u00c7\u00c3O E JUSTI\u00c7A SOBRE O PROJETO DE LEI N\u00ba 06/2025, \u201cDISP\u00d5E SOBRE O PLANO PLURIANUAL \u2013 PPA PARA O QUADRI\u00caNIO 2026-2029 E D\u00c1 OUTRAS PROVID\u00caNCIAS\".","indexacao":"parecer ppa 2026 2029","observacao":"","resultado":"","texto_original":"http://sapl.vilanovadosmartirios.ma.leg.br/media/sapl/public/materialegislativa/2025/315/parecer_n03_2025_cjure1.pdf","data_ultima_atualizacao":"2025-09-10T10:46:49.702697-03:00","ip":"186.193.183.0","ultima_edicao":"2025-09-10T10:46:48.645762-03:00","tipo":6,"regime_tramitacao":2,"tipo_origem_externa":null,"local_origem_externa":null,"user":4,"anexadas":[],"autores":[20]}