{"id":303,"__str__":"Parecer n\u00ba 7 de 2025","link_detail_backend":"/materia/303","metadata":{},"numero":7,"ano":2025,"numero_protocolo":531,"data_apresentacao":"2025-08-11","tipo_apresentacao":"E","data_publicacao":null,"numero_origem_externa":"","ano_origem_externa":null,"data_origem_externa":null,"apelido":"","dias_prazo":null,"data_fim_prazo":null,"em_tramitacao":false,"polemica":false,"objeto":"","complementar":false,"ementa":"PARECER N\u00ba 04/2025 DA COMISS\u00c3O DE FINAN\u00c7AS E OR\u00c7AMENTO SOBRE O PROJETO DE LEI N\u00ba 05/2025, QUE \u201cAUTORIZA O PODER EXECUTIVO A ABRIR CR\u00c9DITO ADICIONAL ESPECIAL NO OR\u00c7AMENTO DE 2025 E D\u00c1 OUTRAS PROVID\u00caNCIAS.","indexacao":"parecer cfin abrir cr\u00e9dito especial or\u00e7amento 2025","observacao":"","resultado":"","texto_original":"http://sapl.vilanovadosmartirios.ma.leg.br/media/sapl/public/materialegislativa/2025/303/parecer_no_04.2025_cfin.pdf","data_ultima_atualizacao":"2025-11-19T09:46:14.510777-03:00","ip":"189.90.42.53","ultima_edicao":"2025-11-19T09:46:14.319525-03:00","tipo":6,"regime_tramitacao":1,"tipo_origem_externa":null,"local_origem_externa":null,"user":6,"anexadas":[],"autores":[20]}