{"id":298,"__str__":"Indica\u00e7\u00e3o n\u00ba 269 de 2025","link_detail_backend":"/materia/298","metadata":{},"numero":269,"ano":2025,"numero_protocolo":513,"data_apresentacao":"2025-08-04","tipo_apresentacao":"E","data_publicacao":null,"numero_origem_externa":"","ano_origem_externa":null,"data_origem_externa":null,"apelido":"INDICA\u00c7\u00c3O CONJUNTA N\u00ba 12/2025 DE AUTORIA DOS EXMOS","dias_prazo":null,"data_fim_prazo":null,"em_tramitacao":false,"polemica":false,"objeto":"","complementar":false,"ementa":"INDICA\u00c7\u00c3O CONJUNTA N\u00ba 12/2025 DE AUTORIA DOS EXMOS. SENHORES VEREADORES: JOS\u00c9 GIVANILDO DE SOUSA MATIAS E JOSEMAR RODRIGUES DA SILVA. ASSUNTO: CAMADA ASF\u00c1LTICA EM VIAS URBANAS DO MUNIC\u00cdPIO DE VILA NOVA DOS MART\u00cdRIOS - MA.","indexacao":"CAMADA ASF\u00c1LTICA EM VIAS URBANAS DO MUNIC\u00cdPIO DE VILA NOVA DOS MART\u00cdRIOS - MA","observacao":"","resultado":"","texto_original":"http://sapl.vilanovadosmartirios.ma.leg.br/media/sapl/public/materialegislativa/2025/298/indicagao_conjunta_n_12.2025_vereadores_gil_santa_marta_e_josemar_do_ouro.pdf","data_ultima_atualizacao":"2025-08-06T08:45:49.994730-03:00","ip":"189.90.42.53","ultima_edicao":"2025-08-06T08:45:49.853712-03:00","tipo":9,"regime_tramitacao":2,"tipo_origem_externa":null,"local_origem_externa":null,"user":6,"anexadas":[],"autores":[13,12]}