{"id":256,"__str__":"Parecer n\u00ba 2 de 2025","link_detail_backend":"/materia/256","metadata":{},"numero":2,"ano":2025,"numero_protocolo":262,"data_apresentacao":"2025-04-15","tipo_apresentacao":"E","data_publicacao":null,"numero_origem_externa":"","ano_origem_externa":null,"data_origem_externa":null,"apelido":"","dias_prazo":null,"data_fim_prazo":null,"em_tramitacao":false,"polemica":false,"objeto":"","complementar":false,"ementa":"PARECER N\u00b0 01/2025 DA COMISS\u00c3O DE OR\u00c7AMENTO E FINAN\u00c7AS SOBRE O PROJETO DE LEI N\u00b0 01/2025, \u201cAUTORIZA O PODER EXECUTIVO A REAJUSTAR O SAL\u00c1RIO DOS PROFESSORES EFETIVOS DO MUNIC\u00cdPIO DE VILA NOVA DOS MART\u00cdRIOS E D\u00c1 OUTRAS PROVID\u00caNCIAS.\"","indexacao":"parecer cfin salario reajuste professores","observacao":"","resultado":"","texto_original":"http://sapl.vilanovadosmartirios.ma.leg.br/media/sapl/public/materialegislativa/2025/256/parecer_no01.2025-_reajuste_salarial_dos_professores.pdf","data_ultima_atualizacao":"2025-04-22T11:14:21.305705-03:00","ip":"170.231.129.48","ultima_edicao":"2025-04-22T11:14:21.143891-03:00","tipo":6,"regime_tramitacao":1,"tipo_origem_externa":null,"local_origem_externa":null,"user":4,"anexadas":[],"autores":[20]}