{"id":239,"__str__":"Indica\u00e7\u00e3o n\u00ba 227 de 2025","link_detail_backend":"/materia/239","metadata":{},"numero":227,"ano":2025,"numero_protocolo":245,"data_apresentacao":"2025-04-14","tipo_apresentacao":"E","data_publicacao":null,"numero_origem_externa":"","ano_origem_externa":null,"data_origem_externa":null,"apelido":"","dias_prazo":null,"data_fim_prazo":null,"em_tramitacao":false,"polemica":false,"objeto":"","complementar":false,"ementa":"INDICA\u00c7\u00c3O CONJUNTA N\u00b0 26/2025 SOLICITA A REALIZA\u00c7\u00c3O DE OBRAS DE CONSTRU\u00c7\u00c3O DE UMA ESCOLA EM TEMPO INTEGRAL NO BAIRRO S\u00c3O GERALDO NA SEDE DO MUNIC\u00cdPIO VILA NOVA DOS MART\u00cdRIOS - MA","indexacao":"constru\u00e7\u00e3o escola tempo integral","observacao":"","resultado":"","texto_original":"http://sapl.vilanovadosmartirios.ma.leg.br/media/sapl/public/materialegislativa/2025/239/indicacao_conjunta_26_josemar_gil_ricardo_lia_alione_e_fredson.pdf","data_ultima_atualizacao":"2025-04-14T10:14:55.148589-03:00","ip":"189.90.42.53","ultima_edicao":"2025-04-14T10:14:55.015513-03:00","tipo":9,"regime_tramitacao":2,"tipo_origem_externa":null,"local_origem_externa":null,"user":4,"anexadas":[],"autores":[8,13,10,12,11,17]}