{"id":152,"__str__":"Indica\u00e7\u00e3o n\u00ba 142 de 2025","link_detail_backend":"/materia/152","metadata":{},"numero":142,"ano":2025,"numero_protocolo":158,"data_apresentacao":"2025-02-18","tipo_apresentacao":"E","data_publicacao":null,"numero_origem_externa":"","ano_origem_externa":null,"data_origem_externa":null,"apelido":"","dias_prazo":null,"data_fim_prazo":null,"em_tramitacao":false,"polemica":false,"objeto":"","complementar":false,"ementa":"INDICA\u00c7\u00c3O N\u00ba59/2025 DE AUTORIA DA VEREADORA MARIA JOS\u00c9 FERREIRA DE SOUSA. ASSUNTO: REVITALIZA\u00c7\u00c30 DA CRECHE MUNDO DO SABER NO POVOADO DE MARCOL\u00c2NDIA NO MUNIC\u00cdPIO VILA NOVA DOS MART\u00cdRIOS - MA","indexacao":"revitaliza\u00e7\u00e3o creche mundo do saber","observacao":"","resultado":"","texto_original":"http://sapl.vilanovadosmartirios.ma.leg.br/media/sapl/public/materialegislativa/2025/152/indicacao_no59.2025.pdf","data_ultima_atualizacao":"2025-05-13T10:11:10.832485-03:00","ip":"170.231.132.241","ultima_edicao":"2025-05-13T09:57:08.120890-03:00","tipo":9,"regime_tramitacao":2,"tipo_origem_externa":null,"local_origem_externa":null,"user":4,"anexadas":[],"autores":[11]}