{"id":133,"__str__":"Indica\u00e7\u00e3o n\u00ba 123 de 2025","link_detail_backend":"/materia/133","metadata":{},"numero":123,"ano":2025,"numero_protocolo":139,"data_apresentacao":"2025-01-09","tipo_apresentacao":"E","data_publicacao":null,"numero_origem_externa":"","ano_origem_externa":null,"data_origem_externa":null,"apelido":"","dias_prazo":null,"data_fim_prazo":null,"em_tramitacao":false,"polemica":false,"objeto":"","complementar":false,"ementa":"INDICA\u00c7\u00c3O N\u00ba38/2025 DE AUTORIA DA VEREADORA MARIA JOS\u00c9 FERREIRA DE SOUSA. ASSUNTO: CONSTRU\u00c7\u00c3O DA PRA\u00c7A DO EST\u00c1DIO MUNICIPAL EDVAL BATISTA DA CRUZ J\u00daNIOR NO MUNIC\u00cdPIO DE VILA NOVA DOS MART\u00cdRIOS-MA.","indexacao":"PRA\u00c7A DO EST\u00c1DIO MUNICIPAL EDVAL BATISTA DA CRUZ J\u00daNIOR","observacao":"","resultado":"","texto_original":"http://sapl.vilanovadosmartirios.ma.leg.br/media/sapl/public/materialegislativa/2025/133/indicacao_no38.2025-_assinada.pdf","data_ultima_atualizacao":"2025-06-13T12:02:26.985375-03:00","ip":"189.90.42.53","ultima_edicao":"2025-05-28T11:46:04.139430-03:00","tipo":9,"regime_tramitacao":2,"tipo_origem_externa":null,"local_origem_externa":null,"user":5,"anexadas":[],"autores":[11]}