{"id":10,"__str__":"Projeto de Lei Ordin\u00e1ria n\u00ba 1 de 2025","link_detail_backend":"/materia/10","metadata":{},"numero":1,"ano":2025,"numero_protocolo":8,"data_apresentacao":"2025-03-25","tipo_apresentacao":"E","data_publicacao":null,"numero_origem_externa":"","ano_origem_externa":null,"data_origem_externa":null,"apelido":"","dias_prazo":null,"data_fim_prazo":null,"em_tramitacao":false,"polemica":false,"objeto":"","complementar":false,"ementa":"Disp\u00f5e sobre a cria\u00e7\u00e3o do Centro de Acolhimento e Apoio ao Dependente Qu\u00edmico no Munic\u00edpio de Vila Nova dos Mart\u00edrios","indexacao":"Dependente qu\u00edmico","observacao":"","resultado":"","texto_original":"http://sapl.vilanovadosmartirios.ma.leg.br/media/sapl/public/materialegislativa/2025/10/projeto_de_lei_n_01.pdf","data_ultima_atualizacao":"2025-05-05T10:13:29.976277-03:00","ip":"189.90.42.53","ultima_edicao":"2025-03-31T13:06:07.626866-03:00","tipo":1,"regime_tramitacao":2,"tipo_origem_externa":null,"local_origem_externa":null,"user":5,"anexadas":[250],"autores":[12]}