{"id":101,"__str__":"Indica\u00e7\u00e3o n\u00ba 91 de 2025","link_detail_backend":"/materia/101","metadata":{},"numero":91,"ano":2025,"numero_protocolo":107,"data_apresentacao":"2025-01-09","tipo_apresentacao":"E","data_publicacao":null,"numero_origem_externa":"","ano_origem_externa":null,"data_origem_externa":null,"apelido":"","dias_prazo":null,"data_fim_prazo":null,"em_tramitacao":false,"polemica":false,"objeto":"","complementar":false,"ementa":"INDICA\u00c7\u00c3O N\u00ba 04/2025 DE AUTORIA DA VEREADORA MARIA JOS\u00c9 FERREIRA DE SOUSA - ASSUNTO: IMPLANTA\u00c7\u00c3O DE PLACAS SOLARES PARA TODOS OS \u00d3RG\u00c3OS P\u00daBLICOS DE VILA NOVA DOS MART\u00cdRIOS - MA.","indexacao":"PLACAS SOLARES PARA TODOS OS \u00d3RG\u00c3OS P\u00daBLICOS","observacao":"","resultado":"","texto_original":"http://sapl.vilanovadosmartirios.ma.leg.br/media/sapl/public/materialegislativa/2025/101/indicacao_no04.2025.pdf","data_ultima_atualizacao":"2025-06-18T10:35:08.368736-03:00","ip":"189.90.42.53","ultima_edicao":"2025-06-18T10:35:08.228546-03:00","tipo":9,"regime_tramitacao":2,"tipo_origem_externa":null,"local_origem_externa":null,"user":6,"anexadas":[],"autores":[11]}